{"id":136774,"date":"2023-04-18T17:12:25","date_gmt":"2023-04-18T20:12:25","guid":{"rendered":"https:\/\/senoticias.com.br\/se\/?p=136774"},"modified":"2023-04-18T17:12:34","modified_gmt":"2023-04-18T20:12:34","slug":"museu-da-gente-sergipana-celebra-o-dia-dos-povos-originarios","status":"publish","type":"post","link":"https:\/\/senoticias.com.br\/se\/museu-da-gente-sergipana-celebra-o-dia-dos-povos-originarios\/","title":{"rendered":"Museu da Gente Sergipana celebra o Dia dos Povos Origin\u00e1rios \u00a0"},"content":{"rendered":"\n<p>\u00a0<br>No dia dedicado aos Povos Origin\u00e1rios (19 de abril), o Instituto Banese, atrav\u00e9s do Museu da Gente Sergipana Gov. Marcelo D\u00e9da, receber\u00e1 representantes da reserva ind\u00edgena Fulkax\u00f3, localizada em Pacatuba, para a realiza\u00e7\u00e3o de uma programa\u00e7\u00e3o especial. Ap\u00f3s receber o projeto Arrudiar em suas terras, os ind\u00edgenas Fulkax\u00f3 trazem para o museu e compartilham com o p\u00fablico seus saberes e suas manifesta\u00e7\u00f5es culturais.<\/p>\n\n\n\n<figure class=\"wp-block-image size-large\"><img loading=\"lazy\" decoding=\"async\" width=\"1024\" height=\"1024\" src=\"https:\/\/senoticias.com.br\/se\/wp-content\/uploads\/2023\/04\/WhatsApp-Image-2023-04-18-at-13.53.23-1024x1024.jpeg\" alt=\"\" class=\"wp-image-136775\"\/><figcaption>\u00a0\nAmanh\u00e3, 19, o museu receber\u00e1 representantes da reserva ind\u00edgena Fulkax\u00f3 em uma programa\u00e7\u00e3o especial gratuita e aberta ao p\u00fablico\n<\/figcaption><\/figure>\n\n\n\n<p><br>As atividades ter\u00e3o in\u00edcio \u00e0s 14h30 com o\u00a0Canto Sagrado Fulkax\u00f3\u00a0e a palestra \u2018\u00cdndio N\u00c3O, Ind\u00edgena TALVEZ, Povos Origin\u00e1rios SIM\u2019. Em seguida haver\u00e1 Conta\u00e7\u00e3o de est\u00f3rias. Na ocasi\u00e3o, ser\u00e3o apresentados os contos e cantos sobre o cotidiano do povo Fulkax\u00f3, suas origens e sua cultura. De\u00a0forma l\u00fadica e atrav\u00e9s de personagens, os aspectos culturais e as atividades do povo ser\u00e3o contados por Denizia Fulkax\u00f3, autora dos livros \u2018Kariri Xoc\u00f3\u2019 e \u2018Contos ind\u00edgenas\u2019.<br>\u00a0<br>A programa\u00e7\u00e3o seguir\u00e1 com a\u00a0Oficina de Pintura Corporal, pr\u00e1tica que possibilitam aos ind\u00edgenas carregarem no corpo e no rosto elementos de sua identidade. Durante a oficina, os participantes poder\u00e3o entender melhor o significado e a import\u00e2ncia da pintura, os tipos de grafismos e de tinturas usadas pelos Fulkax\u00f3. \u00a0\u00a0\u00a0<br>\u00a0<br>A tarde de celebra\u00e7\u00e3o incluir\u00e1 ainda o Tor\u00e9 sagrado, dan\u00e7a que, segundo o povo Fulkax\u00f3, unifica os povos e agradece e reverencia a m\u00e3e terra. A programa\u00e7\u00e3o ser\u00e1 encerrada com o Canto de despedida.<br>\u00a0<br>Acompanhe as programa\u00e7\u00f5es do museu atrav\u00e9s das redes sociais do Instituto Banese (@institutobanese) e do Museu da Gente Sergipana (@museudagentesergipana_oficial).<\/p>\n\n\n\n<p><em><strong>Acompanhe tamb\u00e9m o SE Not\u00edcias no&nbsp;<a rel=\"noreferrer noopener\" href=\"https:\/\/twitter.com\/Senoticias\" target=\"_blank\">Twitter<\/a>,&nbsp;<a rel=\"noreferrer noopener\" href=\"https:\/\/www.facebook.com\/senoticias1\" target=\"_blank\">Facebook<\/a>&nbsp;e no&nbsp;<a rel=\"noreferrer noopener\" href=\"https:\/\/www.instagram.com\/senoticias\/\" target=\"_blank\">Instagram<\/a><\/strong><\/em><\/p>\n\n\n\n<p><\/p>\n","protected":false},"excerpt":{"rendered":"<p>\u00a0No dia dedicado aos Povos Origin\u00e1rios (19 de abril), o Instituto Banese, atrav\u00e9s do Museu da Gente Sergipana Gov. Marcelo D\u00e9da, receber\u00e1 representantes da reserva ind\u00edgena Fulkax\u00f3, localizada em Pacatuba, para a realiza\u00e7\u00e3o de uma programa\u00e7\u00e3o especial. Ap\u00f3s receber o projeto Arrudiar em suas terras, os ind\u00edgenas Fulkax\u00f3 trazem para o museu e compartilham com [&hellip;]<\/p>\n","protected":false},"author":6557,"featured_media":0,"comment_status":"closed","ping_status":"closed","sticky":false,"template":"","format":"standard","meta":{"footnotes":""},"categories":[15,21],"tags":[38766,10082],"class_list":{"0":"post-136774","1":"post","2":"type-post","3":"status-publish","4":"format-standard","6":"category-destaques","7":"category-entretenimento","8":"tag-dia-dos-povos-originarios","9":"tag-museu-da-gente-sergipana"},"_links":{"self":[{"href":"https:\/\/senoticias.com.br\/se\/wp-json\/wp\/v2\/posts\/136774"}],"collection":[{"href":"https:\/\/senoticias.com.br\/se\/wp-json\/wp\/v2\/posts"}],"about":[{"href":"https:\/\/senoticias.com.br\/se\/wp-json\/wp\/v2\/types\/post"}],"author":[{"embeddable":true,"href":"https:\/\/senoticias.com.br\/se\/wp-json\/wp\/v2\/users\/6557"}],"replies":[{"embeddable":true,"href":"https:\/\/senoticias.com.br\/se\/wp-json\/wp\/v2\/comments?post=136774"}],"version-history":[{"count":0,"href":"https:\/\/senoticias.com.br\/se\/wp-json\/wp\/v2\/posts\/136774\/revisions"}],"wp:attachment":[{"href":"https:\/\/senoticias.com.br\/se\/wp-json\/wp\/v2\/media?parent=136774"}],"wp:term":[{"taxonomy":"category","embeddable":true,"href":"https:\/\/senoticias.com.br\/se\/wp-json\/wp\/v2\/categories?post=136774"},{"taxonomy":"post_tag","embeddable":true,"href":"https:\/\/senoticias.com.br\/se\/wp-json\/wp\/v2\/tags?post=136774"}],"curies":[{"name":"wp","href":"https:\/\/api.w.org\/{rel}","templated":true}]}}