{"id":136662,"date":"2023-04-11T15:02:56","date_gmt":"2023-04-11T18:02:56","guid":{"rendered":"https:\/\/senoticias.com.br\/se\/?p=136662"},"modified":"2023-04-11T15:09:14","modified_gmt":"2023-04-11T18:09:14","slug":"neurocirurgiao-do-huse-destaca-importancia-da-conscientizacao-sobre-parkinson-e-faz-alerta-para-os-primeiros-sintomas","status":"publish","type":"post","link":"https:\/\/senoticias.com.br\/se\/neurocirurgiao-do-huse-destaca-importancia-da-conscientizacao-sobre-parkinson-e-faz-alerta-para-os-primeiros-sintomas\/","title":{"rendered":"Neurocirurgi\u00e3o do Huse destaca import\u00e2ncia da conscientiza\u00e7\u00e3o sobre Parkinson e faz alerta para os primeiros sintomas"},"content":{"rendered":"\n<p>O dia 11 de abril \u00e9 considerado o Dia Mundial da Conscientiza\u00e7\u00e3o sobre a doen\u00e7a de Parkinson desde 1998, quando foi institu\u00eddo pela Organiza\u00e7\u00e3o Mundial de Sa\u00fade (OMS), em homenagem ao dia de nascimento de James Parkinson, cirurgi\u00e3o ingl\u00eas que descreveu cientificamente a patologia pela primeira vez no s\u00e9culo 19.<\/p>\n\n\n\n<figure class=\"wp-block-image size-large\"><img loading=\"lazy\" decoding=\"async\" width=\"594\" height=\"397\" src=\"https:\/\/senoticias.com.br\/se\/wp-content\/uploads\/2023\/04\/Doenca-de-Parkison-SE-Noticias.jpeg\" alt=\"\" class=\"wp-image-136663\" srcset=\"https:\/\/senoticias.com.br\/se\/wp-content\/uploads\/2023\/04\/Doenca-de-Parkison-SE-Noticias.jpeg 594w, https:\/\/senoticias.com.br\/se\/wp-content\/uploads\/2023\/04\/Doenca-de-Parkison-SE-Noticias-300x201.jpeg 300w, https:\/\/senoticias.com.br\/se\/wp-content\/uploads\/2023\/04\/Doenca-de-Parkison-SE-Noticias-90x60.jpeg 90w, https:\/\/senoticias.com.br\/se\/wp-content\/uploads\/2023\/04\/Doenca-de-Parkison-SE-Noticias-180x120.jpeg 180w, https:\/\/senoticias.com.br\/se\/wp-content\/uploads\/2023\/04\/Doenca-de-Parkison-SE-Noticias-95x64.jpeg 95w\" sizes=\"(max-width: 594px) 100vw, 594px\" \/><figcaption>O Parkinson \u00e9 a segunda doen\u00e7a neurodegenerativa mais comum no mundo, menos prevalente apenas que a doen\u00e7a de Alzheimer &#8211; Foto: M\u00e1rio Sousa\/ASN<\/figcaption><\/figure>\n\n\n\n<p>O neurocirurgi\u00e3o especialista em dor no Setor de <strong>Oncologia do HUSE, Jorge Dornellys<\/strong>, destacou que os principais prop\u00f3sitos da data est\u00e3o em chamar aten\u00e7\u00e3o para os sintomas da doen\u00e7a, que s\u00e3o: tremor, lentifica\u00e7\u00e3o motora e rigidez muscular, para que as pessoas procurem precocemente ajuda m\u00e9dica. Al\u00e9m disso, o diagn\u00f3stico precoce possibilita tratamento com os diferentes tipos de terapias existentes e, com isso, manter a qualidade de vida, que \u00e9 o mais importante.<\/p>\n\n\n\n<p>De acordo com Jorge Dornellys, no Brasil a estimativa \u00e9 que em cada 100 pessoas acima de 64 anos, tr\u00eas desenvolver\u00e3o a doen\u00e7a. \u201cO Parkinson \u00e9 a segunda doen\u00e7a neurodegenerativa mais comum no mundo, somente menos prevalente que a doen\u00e7a de Alzheimer. A doen\u00e7a de Parkinson \u00e9 classificada como de origem multifatorial. Um dos fatores de risco para seu desenvolvimento \u00e9 a exposi\u00e7\u00e3o a pesticidas. Uma parcela pequena de pacientes tem a doen\u00e7a relacionada \u00e0 muta\u00e7\u00f5es gen\u00e9ticas com padr\u00e3o familiar\u201d, explicou.<\/p>\n\n\n\n<p><strong>Diagn\u00f3stico<\/strong><\/p>\n\n\n\n<p>Dornellys frisa ainda que o diagn\u00f3stico \u00e9 essencialmente cl\u00ednico, com exame neurol\u00f3gico detalhado e seriado como ferramenta imprescind\u00edvel para orienta\u00e7\u00e3o diagn\u00f3stica. \u201cOs sintomas de lentifica\u00e7\u00e3o motora e rigidez muscular s\u00e3o reconhecidos como parte da s\u00edndrome parkinsoniana que pode estar presente tamb\u00e9m em outras doen\u00e7as. O especialista deve ser capaz de diferenciar as poss\u00edveis causas, definir o melhor tratamento para cada caso e ainda tentar prever como a doen\u00e7a vai evoluir\u201d, salientou.<\/p>\n\n\n\n<p>\u201cNos casos da doen\u00e7a de Parkinson, a resson\u00e2ncia magn\u00e9tica do enc\u00e9falo e at\u00e9 exames espec\u00edficos servem para excluir outras causas. Os sintomas como a lentifica\u00e7\u00e3o motora, a rigidez muscular e o tremor (principalmente em repouso), que geralmente aparecem ap\u00f3s os 50 anos de idade, podem ser indicativos da doen\u00e7a de Parkinson\u201d, alertou.<\/p>\n\n\n\n<p><strong>Tratamento<\/strong><\/p>\n\n\n\n<p>Ainda segundo o neurocirurgi\u00e3o, o tratamento da doen\u00e7a de Parkinson \u00e9 basicamente sintom\u00e1tico. Al\u00e9m disso, deve-se incluir outros profissionais da sa\u00fade como fisioterapeutas, fonoaudi\u00f3logos e terapeutas ocupacionais.<\/p>\n\n\n\n<p>\u201cO tratamento medicamentoso \u00e9 sem d\u00favidas a conduta inicial mais adequada e deve ser iniciado assim que os sintomas impuserem perda da qualidade de vida ao paciente, por restri\u00e7\u00f5es ou limita\u00e7\u00f5es na realiza\u00e7\u00e3o das suas atividades. \u00c9 imprescind\u00edvel incluir outros profissionais da sa\u00fade como fisioterapeutas, fonoaudi\u00f3logos e terapeutas ocupacionais, com objetivo de preven\u00e7\u00e3o e tratamentos de sintomas como disfagia, altera\u00e7\u00f5es do equil\u00edbrio e marcha e necessidade de adapta\u00e7\u00f5es para manuten\u00e7\u00e3o das atividades do dia a dia\u201d, destacou.<\/p>\n\n\n\n<p>Dornellys tamb\u00e9m destaca que a cirurgia deve ser considerada em pacientes com boa resposta inicial ao tratamento medicamentoso que, ap\u00f3s 4 a 5 anos do diagn\u00f3stico da doen\u00e7a, apresentam complica\u00e7\u00f5es motoras. Segundo ele, a cirurgia tem evid\u00eancia cient\u00edfica robusta e quando bem indicada, melhora bastante a qualidade de vida e os sintomas motores dos pacientes.<\/p>\n\n\n\n<p>\u201cH\u00e1 raros casos em que os pacientes respondem a medica\u00e7\u00f5es para tratamento da doen\u00e7a de Parkinson, mas n\u00e3o conseguem tolerar o uso delas a longo prazo e isso pode ser uma indica\u00e7\u00e3o cir\u00fargica. A cirurgia mais realizada no mundo atualmente \u00e9 a estimula\u00e7\u00e3o cerebral profunda (Deep Brain Stimulation) em que \u00e9 implantado um sistema com 2 eletrodos em alvos espec\u00edficos no c\u00e9rebro do paciente e um marca-passo no peito para gerar os impulsos el\u00e9tricos com a possibilidade de programa\u00e7\u00e3o desse sistema para controle dos sintomas de forma individualizada. A cirurgia tem evid\u00eancia cient\u00edfica robusta e quando bem indicada, melhora bastante a qualidade de vida e os sintomas motores dos pacientes\u201d, explicou.<\/p>\n\n\n\n<p><em><strong>Acompanhe tamb\u00e9m o SE Not\u00edcias no\u00a0<a rel=\"noreferrer noopener\" href=\"https:\/\/twitter.com\/Senoticias\" target=\"_blank\">Twitter<\/a>,\u00a0<a rel=\"noreferrer noopener\" href=\"https:\/\/www.facebook.com\/senoticias1\" target=\"_blank\">Facebook<\/a>\u00a0e no\u00a0<a rel=\"noreferrer noopener\" href=\"https:\/\/www.instagram.com\/senoticias\/\" target=\"_blank\">Instagram<\/a><\/strong><\/em><\/p>\n\n\n\n<p>Fonte: ascom\/Secretaria de Estado da Sa\u00fade<\/p>\n","protected":false},"excerpt":{"rendered":"<p>O dia 11 de abril \u00e9 considerado o Dia Mundial da Conscientiza\u00e7\u00e3o sobre a doen\u00e7a de Parkinson desde 1998, quando foi institu\u00eddo pela Organiza\u00e7\u00e3o Mundial de Sa\u00fade (OMS), em homenagem ao dia de nascimento de James Parkinson, cirurgi\u00e3o ingl\u00eas que descreveu cientificamente a patologia pela primeira vez no s\u00e9culo 19. O neurocirurgi\u00e3o especialista em dor [&hellip;]<\/p>\n","protected":false},"author":6557,"featured_media":0,"comment_status":"closed","ping_status":"closed","sticky":false,"template":"","format":"standard","meta":{"footnotes":""},"categories":[15,6,1],"tags":[38694,38693,38691,38692],"class_list":{"0":"post-136662","1":"post","2":"type-post","3":"status-publish","4":"format-standard","6":"category-destaques","7":"category-politica","8":"category-sem-categoria","9":"tag-diagnostico-parkinson","10":"tag-doenca-de-parkinson","11":"tag-neurocirurgiao","12":"tag-parkinson"},"_links":{"self":[{"href":"https:\/\/senoticias.com.br\/se\/wp-json\/wp\/v2\/posts\/136662"}],"collection":[{"href":"https:\/\/senoticias.com.br\/se\/wp-json\/wp\/v2\/posts"}],"about":[{"href":"https:\/\/senoticias.com.br\/se\/wp-json\/wp\/v2\/types\/post"}],"author":[{"embeddable":true,"href":"https:\/\/senoticias.com.br\/se\/wp-json\/wp\/v2\/users\/6557"}],"replies":[{"embeddable":true,"href":"https:\/\/senoticias.com.br\/se\/wp-json\/wp\/v2\/comments?post=136662"}],"version-history":[{"count":0,"href":"https:\/\/senoticias.com.br\/se\/wp-json\/wp\/v2\/posts\/136662\/revisions"}],"wp:attachment":[{"href":"https:\/\/senoticias.com.br\/se\/wp-json\/wp\/v2\/media?parent=136662"}],"wp:term":[{"taxonomy":"category","embeddable":true,"href":"https:\/\/senoticias.com.br\/se\/wp-json\/wp\/v2\/categories?post=136662"},{"taxonomy":"post_tag","embeddable":true,"href":"https:\/\/senoticias.com.br\/se\/wp-json\/wp\/v2\/tags?post=136662"}],"curies":[{"name":"wp","href":"https:\/\/api.w.org\/{rel}","templated":true}]}}