{"id":136658,"date":"2023-04-11T11:08:02","date_gmt":"2023-04-11T14:08:02","guid":{"rendered":"https:\/\/senoticias.com.br\/se\/?p=136658"},"modified":"2023-04-11T11:08:12","modified_gmt":"2023-04-11T14:08:12","slug":"sergipe-e-aqui-sera-realizado-em-porto-da-folha-na-proxima-sexta-feira-14","status":"publish","type":"post","link":"https:\/\/senoticias.com.br\/se\/sergipe-e-aqui-sera-realizado-em-porto-da-folha-na-proxima-sexta-feira-14\/","title":{"rendered":"Sergipe \u00e9 aqui ser\u00e1 realizado em Porto da Folha na pr\u00f3xima sexta-feira, 14"},"content":{"rendered":"\n<p>A pr\u00f3xima edi\u00e7\u00e3o do \u2018Sergipe \u00e9 aqui\u2019 ser\u00e1 realizada nesta sexta-feira, 14, em Porto da Folha, no alto sert\u00e3o sergipano. Em sua terceira edi\u00e7\u00e3o, a a\u00e7\u00e3o levar\u00e1 a estrutura administrativa das secretarias e \u00f3rg\u00e3os do Governo de Sergipe \u00e0 popula\u00e7\u00e3o do munic\u00edpio. Nesta segunda-feira, 10, a Secretaria de Estado da Casa Civil (SECC) reuniu representantes das secretarias e \u00f3rg\u00e3os envolvidos na iniciativa para alinhar os \u00faltimos detalhes da a\u00e7\u00e3o.<\/p>\n\n\n\n<figure class=\"wp-block-image size-large\"><img loading=\"lazy\" decoding=\"async\" width=\"1024\" height=\"683\" src=\"https:\/\/senoticias.com.br\/se\/wp-content\/uploads\/2023\/04\/pdf-senoticias-1024x683.jpg\" alt=\"\" class=\"wp-image-136659\"\/><figcaption>Em Porto da Folha, os servi\u00e7os ser\u00e3o ofertados no Centro de Excel\u00eancia Governador Lourival Batista por mais de 20 secretarias e \u00f3rg\u00e3os do Estado\n<\/figcaption><\/figure>\n\n\n\n<p>Segundo o secret\u00e1rio de Estado da Casa Civil, Jorge Araujo Filho, o Estado tem se empenhado para, a cada edi\u00e7\u00e3o, ofertar um melhor servi\u00e7o \u00e0 popula\u00e7\u00e3o dos munic\u00edpios sergipanos. \u201cO governador F\u00e1bio Mitidieri tem um carinho especial pelo Sergipe \u00e9 aqui, que tem o objetivo de aproximar, cada vez mais, o Governo do Estado e suas a\u00e7\u00f5es da popula\u00e7\u00e3o sergipana. As \u00faltimas edi\u00e7\u00f5es foram um sucesso e, a cada edi\u00e7\u00e3o, a gente vai melhorando para prestar um servi\u00e7o de melhor qualidade para a popula\u00e7\u00e3o\u201d, afirmou.<\/p>\n\n\n\n<p>De acordo com o secret\u00e1rio-executivo da Casa Civil, Andr\u00e9 Clementino, no munic\u00edpio do alto sert\u00e3o o atendimento \u00e0 popula\u00e7\u00e3o ser\u00e1 iniciado a partir das 8h. &#8220;A gente estima que, em Porto da Folha, aproximadamente 4 mil atendimentos sejam realizados. Atualmente, os servi\u00e7os mais procurados s\u00e3o os da sa\u00fade, especialmente do homem e da mulher, e a emiss\u00e3o de RG, que estar\u00e3o presentes tamb\u00e9m nesta edi\u00e7\u00e3o\u201d , informou Andr\u00e9 Clementino.<\/p>\n\n\n\n<p>Representando o munic\u00edpio de Porto da Folha, o secret\u00e1rio de Cultura e Turismo da Prefeitura, J\u00fanior de Manezinho, explicou que os porto-folhenses est\u00e3o animados para receber o programa. \u201cO munic\u00edpio ganha muito com isso e agradece ao Estado por essa parceria, n\u00e3o s\u00f3 com os servi\u00e7os, como a capacita\u00e7\u00e3o dos servidores do munic\u00edpio, que ser\u00e3o orientados pela equipe da Sa\u00fade e por outras equipes para o atendimento. O atendimento a toda popula\u00e7\u00e3o \u00e9 muito importante e aproxima a sociedade dos \u00f3rg\u00e3os do Governo do Estado, principalmente por Porto da Folha ser uma cidade distante da capital, s\u00e3o 190 km de dist\u00e2ncia. A expectativa est\u00e1 muito alta, muita gente j\u00e1 est\u00e1 nos procurando e perguntando sobre o acesso\u201d, detalhou.<\/p>\n\n\n\n<p><strong>Servi\u00e7os<\/strong><\/p>\n\n\n\n<p>Em Porto da Folha, os servi\u00e7os ser\u00e3o ofertados no Centro de Excel\u00eancia Governador Lourival Batista por mais de 20 secretarias e \u00f3rg\u00e3os do Estado. Ser\u00e3o mais de 150 servi\u00e7os ofertados. A iniciativa conta tamb\u00e9m com o apoio da Prefeitura de Porto da Folha.<\/p>\n\n\n\n<p>Entre os servi\u00e7os e a\u00e7\u00f5es mais aguardados, est\u00e3o os atendimentos e testes r\u00e1pidos de HIV, s\u00edfilis e hepatites virais, assim como as consultas e exames ofertados pelas unidades m\u00f3veis do Homem e da Mulher, da Secretaria de Estado da Sa\u00fade (SES). O m\u00e9dico e refer\u00eancia t\u00e9cnica do Programa IST\/Aids da SES, Almir Santana, lembrou que nesta edi\u00e7\u00e3o, o Estado ter\u00e1 um olhar ainda mais diferenciado quanto \u00e0 oferta de servi\u00e7os, j\u00e1 que Porto da Folha possui uma diversidade grande na sua popula\u00e7\u00e3o e todos os p\u00fablicos devem ser contemplados. \u201cA gente utiliza estrat\u00e9gias para atrair os mais diversos p\u00fablicos, convidamos as pessoas e explicamos sobre as facilidades dos testes. Por exemplo, j\u00e1 conversei com a lideran\u00e7a ind\u00edgena e vou conversar com a lideran\u00e7a quilombola para que eles tamb\u00e9m participem das a\u00e7\u00f5es&#8221;, esclareceu.<\/p>\n\n\n\n<p>Para Almir Santana o Sergipe \u00e9 aqui tem alcan\u00e7ado bons resultados. \u201cO Programa est\u00e1 permitindo esse contato direto com a popula\u00e7\u00e3o e, no nosso caso, embora eles tenham os testes nos munic\u00edpios, porque hoje todo munic\u00edpio t\u00eam os testes r\u00e1pidos, mas muitas vezes as pessoas n\u00e3o se motivam a procurar, por\u00e9m no Sergipe \u00e9 aqui a popula\u00e7\u00e3o j\u00e1 est\u00e1 l\u00e1 por outros servi\u00e7os e termina se motivando a realizar os testes, o que facilita o acesso\u201d, completou.<\/p>\n\n\n\n<p><strong>Mais a\u00e7\u00f5es<\/strong><\/p>\n\n\n\n<p>A Secretaria de Estado da Casa Civil, por meio da Superintend\u00eancia Estadual da Juventude (Superjuv) ofertar\u00e1, entre outros servi\u00e7os, a confec\u00e7\u00e3o do ID Jovem. J\u00e1 a Funda\u00e7\u00e3o de Cultura e Arte Aperip\u00ea (Funcap), vinculada \u00e0 Secretaria de Estado da Educa\u00e7\u00e3o e da Cultura (Seduc), reunir\u00e1 gestores municipais de culturas da regi\u00e3o para debater melhorias para o setor e esclarecer sobre as oitivas da Lei Paulo Gustavo. A Seduc tamb\u00e9m realizar\u00e1 c\u00e1lculo de \u00cdndice de Massa Corporal (IMC), e emiss\u00e3o de documentos escolares.<\/p>\n\n\n\n<p>A Secretaria de Estado da Administra\u00e7\u00e3o (Sead) oferecer\u00e1 servi\u00e7os como emiss\u00e3o de certid\u00f5es negativas da Justi\u00e7a Federal, Justi\u00e7a estadual, quita\u00e7\u00e3o eleitoral e crime eleitoral; emiss\u00e3o de extrato previdenci\u00e1rio do Cadastro Nacional de Informa\u00e7\u00f5es Sociais &#8211; CNIS e de CPF. J\u00e1 o Departamento Estadual de Tr\u00e2nsito (Detran) disponibilizar\u00e1 agendamentos para diversos servi\u00e7os, assim como emitir\u00e1 Autoriza\u00e7\u00f5es de Transfer\u00eancia de Propriedade Eletr\u00f4nica (ATPVEs); renova\u00e7\u00e3o da carteira de motorista; emiss\u00e3o de licenciamento, dentre outros.<\/p>\n\n\n\n<p>Viv\u00eancias esportivas e oficinas de pr\u00e1tica de atividade f\u00edsica ser\u00e3o organizadas pela Secretaria de Estado do Esporte e Lazer (Seel). Enquanto que a Secretaria de Estado da Agricultura, Desenvolvimento Agr\u00e1rio e da Pesca (Seagri) e suas vinculadas, Emdagro e Coderse, entregar\u00e3o t\u00edtulos de terra e promover\u00e3o oficinas educativas.<\/p>\n\n\n\n<p>A Companhia de Saneamento de Sergipe (Deso) atuar\u00e1 com servi\u00e7os a exemplo de &#8211; religa\u00e7\u00e3o de \u00e1gua; emiss\u00e3o de segunda via de fatura e negocia\u00e7\u00e3o de d\u00e9bitos. J\u00e1 a Secretaria de Estado da Assist\u00eancia Social e Cidadania (Seasc) ofertar\u00e1 avalia\u00e7\u00e3o antropom\u00e9trica; cadastramento, consulta e atualiza\u00e7\u00e3o do Cadastro \u00danico (Cad\u00danico); emiss\u00e3o do cart\u00e3o Cmais e palestras.<\/p>\n\n\n\n<p>A Secretaria de Estado da Seguran\u00e7a P\u00fablica (SSP) realizar\u00e1 servi\u00e7os de confec\u00e7\u00e3o de carteira de identidade, e a\u00e7\u00f5es informativas, com a presen\u00e7a de Delegacia Itinerante, outras a\u00e7\u00f5es da Pol\u00edcia Civil, assim como orienta\u00e7\u00f5es do Corpo de Bombeiros Militar (CBMSE) e da Pol\u00edcia Militar de Sergipe (PMSE).<\/p>\n\n\n\n<p>A Secretaria de Estado da Justi\u00e7a e de Defesa do Consumidor (Sejuc) ofertar\u00e1, por meio da Coordenadoria Estadual de Prote\u00e7\u00e3o e Defesa do Consumidor (Procon), direcionamentos sobre os direitos do consumidor e aberturas de reclama\u00e7\u00f5es. J\u00e1 a Secretaria Especial de Pol\u00edticas para as Mulheres (SPM) promover\u00e1 palestras e orienta\u00e7\u00f5es voltadas ao combate \u00e0 viol\u00eancia contra a mulher, entre outros atendimentos.<\/p>\n\n\n\n<p>Por sua vez, a Secretaria de Estado do Desenvolvimento Econ\u00f4mico e da Ci\u00eancia e Tecnologia (Sedetec) e suas vinculadas, Fapitec, Serg\u00e1s e Sergipetec, atuar\u00e3o com a\u00e7\u00f5es educativas e informativas ao p\u00fablico presente. O Banese e o Banese Card tamb\u00e9m estar\u00e3o presentes na a\u00e7\u00e3o, com a oferta de servi\u00e7os diversos.<\/p>\n\n\n\n<p><em><strong>Acompanhe tamb\u00e9m o SE Not\u00edcias no&nbsp;<a rel=\"noreferrer noopener\" href=\"https:\/\/twitter.com\/Senoticias\" target=\"_blank\">Twitter<\/a>,&nbsp;<a rel=\"noreferrer noopener\" href=\"https:\/\/www.facebook.com\/senoticias1\" target=\"_blank\">Facebook<\/a>&nbsp;e no&nbsp;<a rel=\"noreferrer noopener\" href=\"https:\/\/www.instagram.com\/senoticias\/\" target=\"_blank\">Instagram<\/a><\/strong><\/em><\/p>\n\n\n\n<p>Fonte: Ag\u00eancia Sergipe de Not\u00edcias<\/p>\n","protected":false},"excerpt":{"rendered":"<p>A pr\u00f3xima edi\u00e7\u00e3o do \u2018Sergipe \u00e9 aqui\u2019 ser\u00e1 realizada nesta sexta-feira, 14, em Porto da Folha, no alto sert\u00e3o sergipano. Em sua terceira edi\u00e7\u00e3o, a a\u00e7\u00e3o levar\u00e1 a estrutura administrativa das secretarias e \u00f3rg\u00e3os do Governo de Sergipe \u00e0 popula\u00e7\u00e3o do munic\u00edpio. Nesta segunda-feira, 10, a Secretaria de Estado da Casa Civil (SECC) reuniu representantes [&hellip;]<\/p>\n","protected":false},"author":6557,"featured_media":0,"comment_status":"closed","ping_status":"closed","sticky":false,"template":"","format":"standard","meta":{"footnotes":""},"categories":[15,6],"tags":[6063,38688],"class_list":{"0":"post-136658","1":"post","2":"type-post","3":"status-publish","4":"format-standard","6":"category-destaques","7":"category-politica","8":"tag-porto-da-folha","9":"tag-sergipe-e-aqui"},"_links":{"self":[{"href":"https:\/\/senoticias.com.br\/se\/wp-json\/wp\/v2\/posts\/136658"}],"collection":[{"href":"https:\/\/senoticias.com.br\/se\/wp-json\/wp\/v2\/posts"}],"about":[{"href":"https:\/\/senoticias.com.br\/se\/wp-json\/wp\/v2\/types\/post"}],"author":[{"embeddable":true,"href":"https:\/\/senoticias.com.br\/se\/wp-json\/wp\/v2\/users\/6557"}],"replies":[{"embeddable":true,"href":"https:\/\/senoticias.com.br\/se\/wp-json\/wp\/v2\/comments?post=136658"}],"version-history":[{"count":0,"href":"https:\/\/senoticias.com.br\/se\/wp-json\/wp\/v2\/posts\/136658\/revisions"}],"wp:attachment":[{"href":"https:\/\/senoticias.com.br\/se\/wp-json\/wp\/v2\/media?parent=136658"}],"wp:term":[{"taxonomy":"category","embeddable":true,"href":"https:\/\/senoticias.com.br\/se\/wp-json\/wp\/v2\/categories?post=136658"},{"taxonomy":"post_tag","embeddable":true,"href":"https:\/\/senoticias.com.br\/se\/wp-json\/wp\/v2\/tags?post=136658"}],"curies":[{"name":"wp","href":"https:\/\/api.w.org\/{rel}","templated":true}]}}