{"id":136655,"date":"2023-04-11T10:42:48","date_gmt":"2023-04-11T13:42:48","guid":{"rendered":"https:\/\/senoticias.com.br\/se\/?p=136655"},"modified":"2023-04-11T10:48:27","modified_gmt":"2023-04-11T13:48:27","slug":"assaltante-armado-invade-agencia-bancaria-e-rouba-cerca-de-r-50-mil-em-lagarto","status":"publish","type":"post","link":"https:\/\/senoticias.com.br\/se\/assaltante-armado-invade-agencia-bancaria-e-rouba-cerca-de-r-50-mil-em-lagarto\/","title":{"rendered":"Assaltante armado invade ag\u00eancia banc\u00e1ria e rouba cerca de R$ 50 mil em Lagarto"},"content":{"rendered":"\n<p>Um assaltante roubou uma ag\u00eancia banc\u00e1ria localizada na Avenida Laudelino Freire, no Centro de Lagarto, na tarde dessa segunda-feira (10).<\/p>\n\n\n\n<figure class=\"wp-block-image size-large\"><img loading=\"lazy\" decoding=\"async\" width=\"1024\" height=\"461\" src=\"https:\/\/senoticias.com.br\/se\/wp-content\/uploads\/2023\/04\/banco-senoticias-1024x461.jpg\" alt=\"\" class=\"wp-image-136656\"\/><figcaption>Um policial de folga chegou a efetuar um disparo contra o suspeito, mas n\u00e3o conseguiu ating\u00ed-lo.\n<\/figcaption><\/figure>\n\n\n\n<p>Segundo a Pol\u00edcia Militar, o homem invadiu a \u00e1rea dos caixas eletr\u00f4nicos e anunciou um assalto com uma arma de fogo. Haviam cerca de seis clientes no momento do crime.<\/p>\n\n\n\n<p>Umas das v\u00edtimas informou que ele conseguiu subtrair R$ 30 mil que seriam depositados, al\u00e9m de celulares e quantias em dinheiro de outras pessoas. No total, o preju\u00edzo aproximado \u00e9 de R$ 50 mil.<\/p>\n\n\n\n<p>Na tentativa de cont\u00ea-lo, um policial de folga chegou a efetuar um disparo, mas s\u00f3 atingiu uma parede de vidro, que ficou estra\u00e7alhada.<\/p>\n\n\n\n<p>Ainda de acordo com a corpora\u00e7\u00e3o, o suspeito estaria acompanhado de um comparsa motorizado, aguardando para a fuga. As equipes realizaram dilig\u00eancias na regi\u00e3o, mas n\u00e3o localizaram os criminosos.<\/p>\n\n\n\n<p>Um boletim de ocorr\u00eancia foi registrado e ser\u00e1 investigado pela Pol\u00edcia Civil. Informa\u00e7\u00f5es relacionadas ao caso podem ser repassdas atrav\u00e9s do Disque-Den\u00fancia (181).<\/p>\n\n\n\n<p><em><strong>Acompanhe tamb\u00e9m o SE Not\u00edcias no&nbsp;<a rel=\"noreferrer noopener\" href=\"https:\/\/twitter.com\/Senoticias\" target=\"_blank\">Twitter<\/a>,&nbsp;<a rel=\"noreferrer noopener\" href=\"https:\/\/www.facebook.com\/senoticias1\" target=\"_blank\">Facebook<\/a>&nbsp;e no&nbsp;<a rel=\"noreferrer noopener\" href=\"https:\/\/www.instagram.com\/senoticias\/\" target=\"_blank\">Instagram<\/a><\/strong><\/em><\/p>\n\n\n\n<p>Fonte: A8 SE<\/p>\n","protected":false},"excerpt":{"rendered":"<p>Um assaltante roubou uma ag\u00eancia banc\u00e1ria localizada na Avenida Laudelino Freire, no Centro de Lagarto, na tarde dessa segunda-feira (10). Segundo a Pol\u00edcia Militar, o homem invadiu a \u00e1rea dos caixas eletr\u00f4nicos e anunciou um assalto com uma arma de fogo. Haviam cerca de seis clientes no momento do crime. Umas das v\u00edtimas informou que [&hellip;]<\/p>\n","protected":false},"author":6557,"featured_media":0,"comment_status":"closed","ping_status":"closed","sticky":false,"template":"","format":"standard","meta":{"footnotes":""},"categories":[15,7],"tags":[38687,806,36876],"class_list":{"0":"post-136655","1":"post","2":"type-post","3":"status-publish","4":"format-standard","6":"category-destaques","7":"category-policia","8":"tag-assalto-em-agencia-bancaria","9":"tag-lagarto","10":"tag-policia-militar-2"},"_links":{"self":[{"href":"https:\/\/senoticias.com.br\/se\/wp-json\/wp\/v2\/posts\/136655"}],"collection":[{"href":"https:\/\/senoticias.com.br\/se\/wp-json\/wp\/v2\/posts"}],"about":[{"href":"https:\/\/senoticias.com.br\/se\/wp-json\/wp\/v2\/types\/post"}],"author":[{"embeddable":true,"href":"https:\/\/senoticias.com.br\/se\/wp-json\/wp\/v2\/users\/6557"}],"replies":[{"embeddable":true,"href":"https:\/\/senoticias.com.br\/se\/wp-json\/wp\/v2\/comments?post=136655"}],"version-history":[{"count":0,"href":"https:\/\/senoticias.com.br\/se\/wp-json\/wp\/v2\/posts\/136655\/revisions"}],"wp:attachment":[{"href":"https:\/\/senoticias.com.br\/se\/wp-json\/wp\/v2\/media?parent=136655"}],"wp:term":[{"taxonomy":"category","embeddable":true,"href":"https:\/\/senoticias.com.br\/se\/wp-json\/wp\/v2\/categories?post=136655"},{"taxonomy":"post_tag","embeddable":true,"href":"https:\/\/senoticias.com.br\/se\/wp-json\/wp\/v2\/tags?post=136655"}],"curies":[{"name":"wp","href":"https:\/\/api.w.org\/{rel}","templated":true}]}}