{"id":136654,"date":"2023-04-11T14:57:23","date_gmt":"2023-04-11T17:57:23","guid":{"rendered":"https:\/\/senoticias.com.br\/se\/?p=136654"},"modified":"2023-04-11T14:57:28","modified_gmt":"2023-04-11T17:57:28","slug":"suspeito-de-comandar-esquema-de-falsa-compra-e-venda-de-imoveis-e-preso-em-sergipe","status":"publish","type":"post","link":"https:\/\/senoticias.com.br\/se\/suspeito-de-comandar-esquema-de-falsa-compra-e-venda-de-imoveis-e-preso-em-sergipe\/","title":{"rendered":"Suspeito de comandar esquema de falsa compra e venda de im\u00f3veis \u00e9 preso em Sergipe"},"content":{"rendered":"\n<p>Um homem foi preso na manh\u00e3 desta ter\u00e7a-feira (11), suspeito de comandar um esquema de falsa compra e venda de im\u00f3veis. A informa\u00e7\u00e3o foi divulgada pela Coordenadoria de Opera\u00e7\u00f5es e Recursos Especiais (CORE) da Pol\u00edcia Civil.<\/p>\n\n\n\n<p>Segundo a CORE, as v\u00edtimas s\u00e3o de Sergipe e de fora do estado.<\/p>\n\n\n\n<p>Ainda de acordo com a coordenadoria, durante o cumprimento de mandado de busca na casa do suspeito foram encontrados v\u00e1rios documentos de supostas \u2018compra e venda&#8217; de im\u00f3veis, al\u00e9m de cheques e aparelhos eletr\u00f4nicos. Todo o material foi apreendido para an\u00e1lise.<\/p>\n\n\n\n<p>Quem tiver alguma informa\u00e7\u00e3o que possa contribuir com as investiga\u00e7\u00f5es deve ligar para o Disque-Den\u00fancia pelo n\u00famero 181.<\/p>\n\n\n\n<p><em><strong>Acompanhe tamb\u00e9m o SE Not\u00edcias no\u00a0<a rel=\"noreferrer noopener\" href=\"https:\/\/twitter.com\/Senoticias\" target=\"_blank\">Twitter<\/a>,\u00a0<a rel=\"noreferrer noopener\" href=\"https:\/\/www.facebook.com\/senoticias1\" target=\"_blank\">Facebook<\/a>\u00a0e no\u00a0<a rel=\"noreferrer noopener\" href=\"https:\/\/www.instagram.com\/senoticias\/\" target=\"_blank\">Instagram<\/a><\/strong><\/em><\/p>\n","protected":false},"excerpt":{"rendered":"<p>Um homem foi preso na manh\u00e3 desta ter\u00e7a-feira (11), suspeito de comandar um esquema de falsa compra e venda de im\u00f3veis. A informa\u00e7\u00e3o foi divulgada pela Coordenadoria de Opera\u00e7\u00f5es e Recursos Especiais (CORE) da Pol\u00edcia Civil. Segundo a CORE, as v\u00edtimas s\u00e3o de Sergipe e de fora do estado. Ainda de acordo com a coordenadoria, [&hellip;]<\/p>\n","protected":false},"author":6557,"featured_media":0,"comment_status":"closed","ping_status":"closed","sticky":false,"template":"","format":"standard","meta":{"footnotes":""},"categories":[1],"tags":[],"class_list":{"0":"post-136654","1":"post","2":"type-post","3":"status-publish","4":"format-standard","6":"category-sem-categoria"},"_links":{"self":[{"href":"https:\/\/senoticias.com.br\/se\/wp-json\/wp\/v2\/posts\/136654"}],"collection":[{"href":"https:\/\/senoticias.com.br\/se\/wp-json\/wp\/v2\/posts"}],"about":[{"href":"https:\/\/senoticias.com.br\/se\/wp-json\/wp\/v2\/types\/post"}],"author":[{"embeddable":true,"href":"https:\/\/senoticias.com.br\/se\/wp-json\/wp\/v2\/users\/6557"}],"replies":[{"embeddable":true,"href":"https:\/\/senoticias.com.br\/se\/wp-json\/wp\/v2\/comments?post=136654"}],"version-history":[{"count":0,"href":"https:\/\/senoticias.com.br\/se\/wp-json\/wp\/v2\/posts\/136654\/revisions"}],"wp:attachment":[{"href":"https:\/\/senoticias.com.br\/se\/wp-json\/wp\/v2\/media?parent=136654"}],"wp:term":[{"taxonomy":"category","embeddable":true,"href":"https:\/\/senoticias.com.br\/se\/wp-json\/wp\/v2\/categories?post=136654"},{"taxonomy":"post_tag","embeddable":true,"href":"https:\/\/senoticias.com.br\/se\/wp-json\/wp\/v2\/tags?post=136654"}],"curies":[{"name":"wp","href":"https:\/\/api.w.org\/{rel}","templated":true}]}}