{"id":136642,"date":"2023-04-10T15:05:33","date_gmt":"2023-04-10T18:05:33","guid":{"rendered":"https:\/\/senoticias.com.br\/se\/?p=136642"},"modified":"2023-04-10T15:05:42","modified_gmt":"2023-04-10T18:05:42","slug":"homem-nao-se-conforma-com-fim-do-relacionamento-e-mata-a-mulher-com-golpes-de-faca-em-tobias-barreto","status":"publish","type":"post","link":"https:\/\/senoticias.com.br\/se\/homem-nao-se-conforma-com-fim-do-relacionamento-e-mata-a-mulher-com-golpes-de-faca-em-tobias-barreto\/","title":{"rendered":"Homem n\u00e3o se conforma com fim do relacionamento e mata a mulher com golpes de faca em Tobias Barreto"},"content":{"rendered":"\n<p>Policiais do 11\u00ba Batalh\u00e3o da Pol\u00edcia Militar (11\u00ba BPM) prenderam em flagrante o suspeito do feminic\u00eddio que ocorreu no povoado Taquara, na cidade de Tobias Barreto. O crime ocorreu na madrugada desta segunda-feira (10).<\/p>\n\n\n\n<figure class=\"wp-block-image size-large\"><img loading=\"lazy\" decoding=\"async\" width=\"589\" height=\"394\" src=\"https:\/\/senoticias.com.br\/se\/wp-content\/uploads\/2023\/04\/WhatsApp-Image-2023-04-10-at-14.48.07.jpeg\" alt=\"\" class=\"wp-image-136643\" srcset=\"https:\/\/senoticias.com.br\/se\/wp-content\/uploads\/2023\/04\/WhatsApp-Image-2023-04-10-at-14.48.07.jpeg 589w, https:\/\/senoticias.com.br\/se\/wp-content\/uploads\/2023\/04\/WhatsApp-Image-2023-04-10-at-14.48.07-300x201.jpeg 300w, https:\/\/senoticias.com.br\/se\/wp-content\/uploads\/2023\/04\/WhatsApp-Image-2023-04-10-at-14.48.07-90x60.jpeg 90w, https:\/\/senoticias.com.br\/se\/wp-content\/uploads\/2023\/04\/WhatsApp-Image-2023-04-10-at-14.48.07-180x120.jpeg 180w, https:\/\/senoticias.com.br\/se\/wp-content\/uploads\/2023\/04\/WhatsApp-Image-2023-04-10-at-14.48.07-95x64.jpeg 95w\" sizes=\"(max-width: 589px) 100vw, 589px\" \/><figcaption>Pol\u00edcia Militar prende em flagrante autor de feminic\u00eddio em Tobias Barreto &#8211; Foto: PM\/SE\n<\/figcaption><\/figure>\n\n\n\n<p>De acordo com as informa\u00e7\u00f5es policiais, a equipe policial foi acionada para verificar a den\u00fancia. No local, a v\u00edtima havia sido encontrada sem sinais vitais. Havia manchas de sangue no c\u00f4modo onde ela foi localizada.<\/p>\n\n\n\n<p>Durante a a\u00e7\u00e3o policial, o suspeito do crime foi identificado. Ele estava com uma faca e confessou aos militares que praticou o crime. Ele informou que ainda fugiu, mas ao ver a presen\u00e7a policial, resolveu se entregar.<\/p>\n\n\n\n<p>A morte da v\u00edtima foi constatada pelo Servi\u00e7o de Atendimento M\u00f3vel de Urg\u00eancia (Samu). O suspeito do crime foi encaminhado \u00e0 delegacia, onde foram adotadas as demais medidas legais cab\u00edveis ao caso.<\/p>\n\n\n\n<p><em><strong>Acompanhe tamb\u00e9m o SE Not\u00edcias no\u00a0<a rel=\"noreferrer noopener\" href=\"https:\/\/twitter.com\/Senoticias\" target=\"_blank\">Twitter<\/a>,\u00a0<a rel=\"noreferrer noopener\" href=\"https:\/\/www.facebook.com\/senoticias1\" target=\"_blank\">Facebook<\/a>\u00a0e no\u00a0<a rel=\"noreferrer noopener\" href=\"https:\/\/www.instagram.com\/senoticias\/\" target=\"_blank\">Instagram<\/a><\/strong><\/em><\/p>\n\n\n\n<p>Fonte: ascom\/PM\/SE<\/p>\n","protected":false},"excerpt":{"rendered":"<p>Policiais do 11\u00ba Batalh\u00e3o da Pol\u00edcia Militar (11\u00ba BPM) prenderam em flagrante o suspeito do feminic\u00eddio que ocorreu no povoado Taquara, na cidade de Tobias Barreto. O crime ocorreu na madrugada desta segunda-feira (10). De acordo com as informa\u00e7\u00f5es policiais, a equipe policial foi acionada para verificar a den\u00fancia. No local, a v\u00edtima havia sido [&hellip;]<\/p>\n","protected":false},"author":6557,"featured_media":0,"comment_status":"closed","ping_status":"closed","sticky":false,"template":"","format":"standard","meta":{"footnotes":""},"categories":[15,7],"tags":[15956,35838,468],"class_list":{"0":"post-136642","1":"post","2":"type-post","3":"status-publish","4":"format-standard","6":"category-destaques","7":"category-policia","8":"tag-bpm","9":"tag-feminicidio-2","10":"tag-tobias-barreto"},"_links":{"self":[{"href":"https:\/\/senoticias.com.br\/se\/wp-json\/wp\/v2\/posts\/136642"}],"collection":[{"href":"https:\/\/senoticias.com.br\/se\/wp-json\/wp\/v2\/posts"}],"about":[{"href":"https:\/\/senoticias.com.br\/se\/wp-json\/wp\/v2\/types\/post"}],"author":[{"embeddable":true,"href":"https:\/\/senoticias.com.br\/se\/wp-json\/wp\/v2\/users\/6557"}],"replies":[{"embeddable":true,"href":"https:\/\/senoticias.com.br\/se\/wp-json\/wp\/v2\/comments?post=136642"}],"version-history":[{"count":0,"href":"https:\/\/senoticias.com.br\/se\/wp-json\/wp\/v2\/posts\/136642\/revisions"}],"wp:attachment":[{"href":"https:\/\/senoticias.com.br\/se\/wp-json\/wp\/v2\/media?parent=136642"}],"wp:term":[{"taxonomy":"category","embeddable":true,"href":"https:\/\/senoticias.com.br\/se\/wp-json\/wp\/v2\/categories?post=136642"},{"taxonomy":"post_tag","embeddable":true,"href":"https:\/\/senoticias.com.br\/se\/wp-json\/wp\/v2\/tags?post=136642"}],"curies":[{"name":"wp","href":"https:\/\/api.w.org\/{rel}","templated":true}]}}