{"id":136633,"date":"2023-04-10T07:22:14","date_gmt":"2023-04-10T10:22:14","guid":{"rendered":"https:\/\/senoticias.com.br\/se\/?p=136633"},"modified":"2023-04-10T07:22:24","modified_gmt":"2023-04-10T10:22:24","slug":"lula-defende-atuacao-conjunta-de-governos-para-evitar-novas-tragedias","status":"publish","type":"post","link":"https:\/\/senoticias.com.br\/se\/lula-defende-atuacao-conjunta-de-governos-para-evitar-novas-tragedias\/","title":{"rendered":"Lula defende atua\u00e7\u00e3o conjunta de governos para evitar novas trag\u00e9dias"},"content":{"rendered":"\n<p><\/p>\n\n\n\n<p>O presidente Luiz In\u00e1cio Lula da Silva disse que \u00e9 preciso \u201ctentar convencer\u201d moradores de regi\u00f5es atingidas por enchentes de que n\u00e3o \u00e9 poss\u00edvel construir novas casas nos mesmos locais. Neste domingo (9), Lula sobrevoou \u00e1reas inundadas na regi\u00e3o de Trizidela do Vale e Pedreira e visitou um abrigo em Bacabal, munic\u00edpios do Maranh\u00e3o que s\u00e3o afetados por chuvas intensas.<\/p>\n\n\n\n<figure class=\"wp-block-image size-large\"><img loading=\"lazy\" decoding=\"async\" width=\"585\" height=\"350\" src=\"https:\/\/senoticias.com.br\/se\/wp-content\/uploads\/2023\/04\/Inundacoes-no-Maranhao-SE-Noticias.jpg\" alt=\"\" class=\"wp-image-136634\" srcset=\"https:\/\/senoticias.com.br\/se\/wp-content\/uploads\/2023\/04\/Inundacoes-no-Maranhao-SE-Noticias.jpg 585w, https:\/\/senoticias.com.br\/se\/wp-content\/uploads\/2023\/04\/Inundacoes-no-Maranhao-SE-Noticias-300x179.jpg 300w\" sizes=\"(max-width: 585px) 100vw, 585px\" \/><figcaption>Chuvas deixam casas submersas no Maranh\u00e3o \u2014 Foto: Governo do Maranh\u00e3o<\/figcaption><\/figure>\n\n\n\n<p>\u201cEst\u00e1 aqui o ministro das Cidades [Jader Filho] me ouvindo. Nos projetos de constru\u00e7\u00e3o de novas casas precisamos convencer as pessoas que n\u00e3o \u00e9 poss\u00edvel construir uma casa no lugar que a gente sabe que vai dar enchente\u201d, disse Lula, em coletiva de imprensa ao lado de ministros e do governador do Maranh\u00e3o, Carlos Brand\u00e3o, no Aeroporto Regional de Bacabal.<\/p>\n\n\n\n<p>A visita tamb\u00e9m foi acompanhada do ministros da Justi\u00e7a e Seguran\u00e7a P\u00fablica, Fl\u00e1vio Dino; e do ministro da Secretaria de Comunica\u00e7\u00e3o, Paulo Pimenta; al\u00e9m de parlamentares maranhenses e prefeitos de cidades atingidas.<\/p>\n\n\n\n<p>\u201cEm 2009 eu vim aqui em Bacabal numa cheia, a Roseana [Sarney] era governadora e eu estive aqui no mesmo rio, na mesma enchente. \u00c9 uma demonstra\u00e7\u00e3o de que quando moramos perto do rio n\u00e3o tem jeito n\u00e3o, vai sofrer enchente quando a chuva for demais\u201d, completou o presidente.<\/p>\n\n\n\n<p>Lula viaja para a China na pr\u00f3xima ter\u00e7a-feira (11), mas disse que n\u00e3o poderia ir para outro pa\u00eds, sem visitar os estados que est\u00e3o sofrendo com as enchentes. Ele citou tamb\u00e9m o Cear\u00e1, onde 19 munic\u00edpios decretaram situa\u00e7\u00e3o de emerg\u00eancia e um decretou calamidade p\u00fablica.<\/p>\n\n\n\n<p>\u201cVim para fazer aquela visita de conforto \u00e0s pessoas que est\u00e3o passando necessidade. Eu j\u00e1 morei em bairros que enchiam d\u2019\u00e1gua e n\u00e3o era pouco. E a gente ficava disputando espa\u00e7o com barata e rato e a chuva ia embora e tinha que ficar tirando lama com sanguessuga pegando nas canelas. Eu sei o que esse povo passa, deixar suas casas, seus m\u00f3veis, \u00e0s vezes n\u00e3o tem tempo de tirar, perde tudo o que tem, perdem geladeira, fog\u00e3o, cama, colch\u00e3o\u201d, lamentou Lula.<\/p>\n\n\n\n<p>No Maranh\u00e3o, mais de 7,5 mil fam\u00edlias est\u00e3o desabrigadas e 35 mil afetadas pelas inunda\u00e7\u00f5es nos 64 munic\u00edpios do estado em situa\u00e7\u00e3o de emerg\u00eancia. Desse total, o governo federal fez a homologa\u00e7\u00e3o de 53.<\/p>\n\n\n\n<p>Com o reconhecimento da situa\u00e7\u00e3o de emerg\u00eancia ou de calamidade p\u00fablica, que \u00e9 um caso mais grave, os munic\u00edpios afetados podem receber verbas federais por meio do Minist\u00e9rio da Integra\u00e7\u00e3o e do Desenvolvimento Regional.<\/p>\n\n\n\n<p>Na semana passada, um decreto de emerg\u00eancia do Minist\u00e9rio da Integra\u00e7\u00e3o e do Desenvolvimento Regional, repassou o valor de R$ 3,8 milh\u00f5es para ajuda aos munic\u00edpios. At\u00e9 o momento, o Governo Federal aprovou mais de R$ 12 milh\u00f5es para aux\u00edlio. Lula comentou que todo aux\u00edlio tem ajudado \u00e0s fam\u00edlias.<\/p>\n\n\n\n<p>&#8220;As pessoas pedem colch\u00e3o, as pessoas pedem botij\u00e3o de g\u00e1s, as pessoas pedem qualquer coisa para dar um certo conforto, coisa que o governo pode fazer. Essa jun\u00e7\u00e3o entre o governo federal, governo estadual e os governos municipais \u00e9 obrigat\u00f3ria&#8221;, disse o presidente.<\/p>\n\n\n\n<p>Por causa das chuvas, a prefeitura de Trizidela antecipou as f\u00e9rias dos estudantes de julho para abril, j\u00e1 que cinco escolas est\u00e3o alagadas e outras sete servem de abrigo. De acordo com a prefeitura de Bacabal, as fam\u00edlias da regi\u00e3o come\u00e7am a ser afetadas quando o rio Mearim, que corta a regi\u00e3o, ultrapassa o n\u00edvel de 6 metros acima do normal. Nesse final de semana, o rio ultrapassou 8,3 metros acima do n\u00edvel normal.<\/p>\n\n\n\n<p>A cidade maranhense de Buriticupu tamb\u00e9m decretou estado de calamidade p\u00fablica. A 395 quil\u00f4metros de S\u00e3o Lu\u00eds e com cerca de 72 mil habitantes, o munic\u00edpio \u00e9 assolado por vo\u00e7orocas, fen\u00f4meno geol\u00f3gico que cria crateras gigantes. Segundo as autoridades maranhenses, algumas fendas chegam a medir 600 metros de extens\u00e3o e 70 de profundidade.<\/p>\n\n\n\n<p>O governo federal ainda trabalha, junto com as equipes de defesa civil, na ajuda humanit\u00e1ria \u00e0s fam\u00edlias, com distribui\u00e7\u00e3o de \u00e1gua, cestas b\u00e1sicas, colch\u00f5es e material de higiene.<\/p>\n\n\n\n<p>Desde mar\u00e7o, seis mortes foram registradas por causa das fortes chuvas e comunidades inteiras est\u00e3o isoladas. Em todo o estado, nove rios, al\u00e9m de riachos e a\u00e7udes, transbordaram.<\/p>\n\n\n\n<p>Lula afirmou ainda que \u00e9 obriga\u00e7\u00e3o dos governantes atuarem em conjunto nessas situa\u00e7\u00f5es. \u201cN\u00e3o \u00e9 poss\u00edvel esse pa\u00eds dar certo se n\u00e3o tiver uma combina\u00e7\u00e3o entre prefeitos, entre governadores e entre presidente da Rep\u00fablica&#8221;, disse, e concluiu &#8220;\u00e9 obriga\u00e7\u00e3o moral, pol\u00edtica e \u00e9tica cuidarmos dessa gente que sofre e que precisa de n\u00f3s\u201d.<\/p>\n\n\n\n<p><strong>Alerta<\/strong><\/p>\n\n\n\n<p>Bombeiros e Defesa Civil tamb\u00e9m percorreram comunidades ao longo do Rio Itapecuru, que corta o Estado, para alertar os moradores da regi\u00e3o. \u00c9 que o n\u00edvel do rio subiu em v\u00e1rias cidades, atingindo a cota de inunda\u00e7\u00e3o desde o in\u00edcio do m\u00eas, como \u00e9 o caso de Itapecuru Mirim, Cantanhede e Cod\u00f3. De acordo com o Servi\u00e7o Geol\u00f3gico do Brasil, o n\u00edvel das \u00e1guas na cidade de Itapecuru Mirim ultrapassou os 15 metros acima do n\u00edvel normal na semana passada.<\/p>\n\n\n\n<p><em><strong>Acompanhe tamb\u00e9m o SE Not\u00edcias no\u00a0<a rel=\"noreferrer noopener\" href=\"https:\/\/twitter.com\/Senoticias\" target=\"_blank\">Twitter<\/a>,\u00a0<a rel=\"noreferrer noopener\" href=\"https:\/\/www.facebook.com\/senoticias1\" target=\"_blank\">Facebook<\/a>\u00a0e no\u00a0<a rel=\"noreferrer noopener\" href=\"https:\/\/www.instagram.com\/senoticias\/\" target=\"_blank\">Instagram<\/a><\/strong><\/em><\/p>\n\n\n\n<p>Fonte: Ag\u00eancia Brasil<\/p>\n","protected":false},"excerpt":{"rendered":"<p>O presidente Luiz In\u00e1cio Lula da Silva disse que \u00e9 preciso \u201ctentar convencer\u201d moradores de regi\u00f5es atingidas por enchentes de que n\u00e3o \u00e9 poss\u00edvel construir novas casas nos mesmos locais. Neste domingo (9), Lula sobrevoou \u00e1reas inundadas na regi\u00e3o de Trizidela do Vale e Pedreira e visitou um abrigo em Bacabal, munic\u00edpios do Maranh\u00e3o que [&hellip;]<\/p>\n","protected":false},"author":6557,"featured_media":0,"comment_status":"closed","ping_status":"closed","sticky":false,"template":"","format":"standard","meta":{"footnotes":""},"categories":[15,2961],"tags":[3694,38677,38676],"class_list":{"0":"post-136633","1":"post","2":"type-post","3":"status-publish","4":"format-standard","6":"category-destaques","7":"category-nacional","8":"tag-alagamentos","9":"tag-chuvas-no-maranhao","10":"tag-tragedias"},"_links":{"self":[{"href":"https:\/\/senoticias.com.br\/se\/wp-json\/wp\/v2\/posts\/136633"}],"collection":[{"href":"https:\/\/senoticias.com.br\/se\/wp-json\/wp\/v2\/posts"}],"about":[{"href":"https:\/\/senoticias.com.br\/se\/wp-json\/wp\/v2\/types\/post"}],"author":[{"embeddable":true,"href":"https:\/\/senoticias.com.br\/se\/wp-json\/wp\/v2\/users\/6557"}],"replies":[{"embeddable":true,"href":"https:\/\/senoticias.com.br\/se\/wp-json\/wp\/v2\/comments?post=136633"}],"version-history":[{"count":0,"href":"https:\/\/senoticias.com.br\/se\/wp-json\/wp\/v2\/posts\/136633\/revisions"}],"wp:attachment":[{"href":"https:\/\/senoticias.com.br\/se\/wp-json\/wp\/v2\/media?parent=136633"}],"wp:term":[{"taxonomy":"category","embeddable":true,"href":"https:\/\/senoticias.com.br\/se\/wp-json\/wp\/v2\/categories?post=136633"},{"taxonomy":"post_tag","embeddable":true,"href":"https:\/\/senoticias.com.br\/se\/wp-json\/wp\/v2\/tags?post=136633"}],"curies":[{"name":"wp","href":"https:\/\/api.w.org\/{rel}","templated":true}]}}