{"id":136562,"date":"2023-04-04T14:35:39","date_gmt":"2023-04-04T17:35:39","guid":{"rendered":"https:\/\/senoticias.com.br\/se\/?p=136562"},"modified":"2023-04-04T17:29:55","modified_gmt":"2023-04-04T20:29:55","slug":"senac-oferta-cursos-tecnicos-e-profissionalizantes-gratuitos-em-aracaju-veja-como-realizar-inscricao","status":"publish","type":"post","link":"https:\/\/senoticias.com.br\/se\/senac-oferta-cursos-tecnicos-e-profissionalizantes-gratuitos-em-aracaju-veja-como-realizar-inscricao\/","title":{"rendered":"Senac oferta cursos t\u00e9cnicos e profissionalizantes gratuitos em Aracaju"},"content":{"rendered":"\n<p>O Programa Senac de Gratuidade est\u00e1 ofertando cursos t\u00e9cnicos e profissionalizantes em Aracaju. Ao todo, s\u00e3o 60 vagas dispon\u00edveis no processo seletivo.<\/p>\n\n\n\n<figure class=\"wp-block-image size-large\"><img loading=\"lazy\" decoding=\"async\" width=\"1024\" height=\"461\" src=\"https:\/\/senoticias.com.br\/se\/wp-content\/uploads\/2023\/04\/digitar-senoticias-1024x461.jpg\" alt=\"\" class=\"wp-image-136563\"\/><figcaption>Ao todo, s\u00e3o 60 vagas dispon\u00edveis no processo seletivo. &#8211; Foto: Freepik\/Arquivo\n<\/figcaption><\/figure>\n\n\n\n<p>A qualifica\u00e7\u00e3o \u00e9 para T\u00e9cnico em Administra\u00e7\u00e3o, Assistente de Recursos Humanos e L\u00edngua Brasileira de Sinais (Libras). As aulas iniciam no dia 17 de abril.<\/p>\n\n\n\n<p>Para participar, basta realizar inscri\u00e7\u00e3o no site do programa at\u00e9 dia 9 de abril ou presencialmente na unidade do Senac na capital, de 11 a 14 de abril.<\/p>\n\n\n\n<p><em><strong>Requisitos<\/strong><\/em><\/p>\n\n\n\n<ul class=\"wp-block-list\"><li>T\u00e9cnico em Administra\u00e7\u00e3o (1.000h) &#8211; 2\u00ba ano do ensino m\u00e9dio e idade maior ou igual a 16 anos;<\/li><li>Assistente de Recursos Humanos (160h) &#8211; ensino m\u00e9dio incompleto e idade maior ou igual a 15 anos;<\/li><li>Libras (160h) &#8211; ensino fundamental completo e idade maior ou igual a 16 anos.<\/li><\/ul>\n\n\n\n<p><em><strong>Acompanhe tamb\u00e9m o SE Not\u00edcias no&nbsp;<a rel=\"noreferrer noopener\" href=\"https:\/\/twitter.com\/Senoticias\" target=\"_blank\">Twitter<\/a>,&nbsp;<a rel=\"noreferrer noopener\" href=\"https:\/\/www.facebook.com\/senoticias1\" target=\"_blank\">Facebook<\/a>&nbsp;e no&nbsp;<a rel=\"noreferrer noopener\" href=\"https:\/\/www.instagram.com\/senoticias\/\" target=\"_blank\">Instagram<\/a><\/strong><\/em><\/p>\n\n\n\n<p>Fonte: A8SE.com<\/p>\n","protected":false},"excerpt":{"rendered":"<p>O Programa Senac de Gratuidade est\u00e1 ofertando cursos t\u00e9cnicos e profissionalizantes em Aracaju. Ao todo, s\u00e3o 60 vagas dispon\u00edveis no processo seletivo. A qualifica\u00e7\u00e3o \u00e9 para T\u00e9cnico em Administra\u00e7\u00e3o, Assistente de Recursos Humanos e L\u00edngua Brasileira de Sinais (Libras). As aulas iniciam no dia 17 de abril. Para participar, basta realizar inscri\u00e7\u00e3o no site do [&hellip;]<\/p>\n","protected":false},"author":6557,"featured_media":0,"comment_status":"closed","ping_status":"closed","sticky":false,"template":"","format":"standard","meta":{"footnotes":""},"categories":[15,6],"tags":[38622,6594,3021],"class_list":{"0":"post-136562","1":"post","2":"type-post","3":"status-publish","4":"format-standard","6":"category-destaques","7":"category-politica","8":"tag-cursos-tecnicos-e-profissionalizantes","9":"tag-libras","10":"tag-senac"},"_links":{"self":[{"href":"https:\/\/senoticias.com.br\/se\/wp-json\/wp\/v2\/posts\/136562"}],"collection":[{"href":"https:\/\/senoticias.com.br\/se\/wp-json\/wp\/v2\/posts"}],"about":[{"href":"https:\/\/senoticias.com.br\/se\/wp-json\/wp\/v2\/types\/post"}],"author":[{"embeddable":true,"href":"https:\/\/senoticias.com.br\/se\/wp-json\/wp\/v2\/users\/6557"}],"replies":[{"embeddable":true,"href":"https:\/\/senoticias.com.br\/se\/wp-json\/wp\/v2\/comments?post=136562"}],"version-history":[{"count":0,"href":"https:\/\/senoticias.com.br\/se\/wp-json\/wp\/v2\/posts\/136562\/revisions"}],"wp:attachment":[{"href":"https:\/\/senoticias.com.br\/se\/wp-json\/wp\/v2\/media?parent=136562"}],"wp:term":[{"taxonomy":"category","embeddable":true,"href":"https:\/\/senoticias.com.br\/se\/wp-json\/wp\/v2\/categories?post=136562"},{"taxonomy":"post_tag","embeddable":true,"href":"https:\/\/senoticias.com.br\/se\/wp-json\/wp\/v2\/tags?post=136562"}],"curies":[{"name":"wp","href":"https:\/\/api.w.org\/{rel}","templated":true}]}}