{"id":136553,"date":"2023-04-03T18:19:58","date_gmt":"2023-04-03T21:19:58","guid":{"rendered":"https:\/\/senoticias.com.br\/se\/?p=136553"},"modified":"2023-04-03T18:27:09","modified_gmt":"2023-04-03T21:27:09","slug":"infectologista-reforca-importancia-da-vacinacao-contra-hpv-em-adultos","status":"publish","type":"post","link":"https:\/\/senoticias.com.br\/se\/infectologista-reforca-importancia-da-vacinacao-contra-hpv-em-adultos\/","title":{"rendered":"Infectologista refor\u00e7a import\u00e2ncia da vacina\u00e7\u00e3o contra HPV em adultos"},"content":{"rendered":"\n<p>HPV \u00e9 a abrevia\u00e7\u00e3o em ingl\u00eas para papilomav\u00edrus humano, uma infec\u00e7\u00e3o sexualmente transmiss\u00edvel que muitas vezes n\u00e3o causa sintomas, mas pode provocar verrugas genitais em homens e mulheres, e potencialmente c\u00e2ncer associado a essas les\u00f5es. Embora as entidades de sa\u00fade priorizem nas campanhas de conscientiza\u00e7\u00e3o o p\u00fablico de 12 a 15 anos de idade, o imunizante tamb\u00e9m \u00e9 indicado para adultos.<\/p>\n\n\n\n<figure class=\"wp-block-image size-large\"><img loading=\"lazy\" decoding=\"async\" width=\"600\" height=\"403\" src=\"https:\/\/senoticias.com.br\/se\/wp-content\/uploads\/2023\/04\/Infectologista-Mariela-Cometki-SE-Noticias.jpg\" alt=\"\" class=\"wp-image-136555\" srcset=\"https:\/\/senoticias.com.br\/se\/wp-content\/uploads\/2023\/04\/Infectologista-Mariela-Cometki-SE-Noticias.jpg 600w, https:\/\/senoticias.com.br\/se\/wp-content\/uploads\/2023\/04\/Infectologista-Mariela-Cometki-SE-Noticias-300x202.jpg 300w, https:\/\/senoticias.com.br\/se\/wp-content\/uploads\/2023\/04\/Infectologista-Mariela-Cometki-SE-Noticias-90x60.jpg 90w, https:\/\/senoticias.com.br\/se\/wp-content\/uploads\/2023\/04\/Infectologista-Mariela-Cometki-SE-Noticias-180x120.jpg 180w, https:\/\/senoticias.com.br\/se\/wp-content\/uploads\/2023\/04\/Infectologista-Mariela-Cometki-SE-Noticias-95x64.jpg 95w\" sizes=\"(max-width: 600px) 100vw, 600px\" \/><figcaption>Infectologista Mariela Cometki, integra o corpo cl\u00ednico da Cl\u00ednica Intervent &#8211; Foto: ascom\/NV<\/figcaption><\/figure>\n\n\n\n<p>De acordo com a m\u00e9dica infectologista Mariela Cometki, que integra o corpo cl\u00ednico da Cl\u00ednica Intervent, em Aracaju, o HPV \u00e9 a infec\u00e7\u00e3o sexualmente transmiss\u00edvel (IST) mais comum no mundo. Estima-se que 25% a 50% das mulheres e 50% dos homens no mundo j\u00e1 tenham contra\u00eddo algum tipo de HPV e a principal medida preventiva \u00e9 a vacina\u00e7\u00e3o. No Sistema \u00danico de Sa\u00fade &#8211; SUS, est\u00e1 dispon\u00edvel a vacina quadrivalente contra o v\u00edrus, que protege contra os tipos 6, 11, 16 e 18.<\/p>\n\n\n\n<p>\u201cO HPV \u00e9 transmitido durante o sexo, seja ele vaginal, anal ou oral. At\u00e9 mesmo a masturba\u00e7\u00e3o pode levar ao cont\u00e1gio. Esse v\u00edrus fica alojado em qualquer parte da regi\u00e3o genital, n\u00e3o s\u00f3 na vagina e no p\u00eanis. Vulva, per\u00edneo, bolsa escrotal e regi\u00e3o pubiana tamb\u00e9m podem alojar o HPV, por isso, preservativo masculino ajuda a evitar a doen\u00e7a, mas n\u00e3o anula o risco de cont\u00e1gio\u201d, relatou a infectologista.<\/p>\n\n\n\n<p>A m\u00e9dica afirma ainda, que al\u00e9m de a vacina defender contra os grandes respons\u00e1veis pelo c\u00e2ncer de colo de \u00fatero, ela cobre os tipos que geram 90% das verrugas genitais, sendo aplicada para pessoas de at\u00e9 os 14 anos de idade nos postos de sa\u00fade de todo o pa\u00eds \u2014 a partir dos 11 nos garotos e dos 9 nas garotas. Pessoas com imunodefici\u00eancia e transplantados, portadores do HIV e pacientes oncol\u00f3gicos t\u00eam direito a receber a vacina dos 9 aos 26 anos gratuitamente.<\/p>\n\n\n\n<p>\u201cIndependentemente da vers\u00e3o escolhida, o esquema vacinal consiste em duas doses com intervalo de seis a 12 meses \u2014 caso seja aplicada at\u00e9 os 15 anos de idade. Para os mais velhos, s\u00e3o tr\u00eas picadas: a segunda depois de dois meses e a \u00faltima, seis meses ap\u00f3s a primeira. Na rede privada, ela pode ser tomada dos 9 aos 45 anos. Entre as vers\u00f5es pagas, h\u00e1 tamb\u00e9m a bivalente, que protege apenas contra os tipos 16 e 18, e a nonavalente. Essa evita mais vers\u00f5es do HPV ligadas ao c\u00e2ncer (16, 18, 31, 33, 45, 52 e 58) e tamb\u00e9m algumas que causam verrugas genitais (6 e 11)\u201d, explicou a Dra. Mariela.<\/p>\n\n\n\n<p>A recomenda\u00e7\u00e3o da Sociedade Brasileira de Imuniza\u00e7\u00f5es \u00e9 vacinar as mulheres at\u00e9 os 45 anos e os homens at\u00e9 os 26 anos. Pessoas que n\u00e3o se enquadram nestes grupos tamb\u00e9m podem ser imunizados. Neste casos, por\u00e9m, a necessidade da imuniza\u00e7\u00e3o deve ser avaliada por um m\u00e9dico.<\/p>\n\n\n\n<p><em><strong>Acompanhe tamb\u00e9m o SE Not\u00edcias no\u00a0<a rel=\"noreferrer noopener\" href=\"https:\/\/twitter.com\/Senoticias\" target=\"_blank\">Twitter<\/a>,\u00a0<a rel=\"noreferrer noopener\" href=\"https:\/\/www.facebook.com\/senoticias1\" target=\"_blank\">Facebook<\/a>\u00a0e no\u00a0<a rel=\"noreferrer noopener\" href=\"https:\/\/www.instagram.com\/senoticias\/\" target=\"_blank\">Instagram<\/a><\/strong><\/em><\/p>\n\n\n\n<p><em>Fonte: NV Comunica\u00e7\u00e3o<\/em><\/p>\n","protected":false},"excerpt":{"rendered":"<p>HPV \u00e9 a abrevia\u00e7\u00e3o em ingl\u00eas para papilomav\u00edrus humano, uma infec\u00e7\u00e3o sexualmente transmiss\u00edvel que muitas vezes n\u00e3o causa sintomas, mas pode provocar verrugas genitais em homens e mulheres, e potencialmente c\u00e2ncer associado a essas les\u00f5es. Embora as entidades de sa\u00fade priorizem nas campanhas de conscientiza\u00e7\u00e3o o p\u00fablico de 12 a 15 anos de idade, o [&hellip;]<\/p>\n","protected":false},"author":6557,"featured_media":0,"comment_status":"closed","ping_status":"closed","sticky":false,"template":"","format":"standard","meta":{"footnotes":""},"categories":[15,1,8],"tags":[38616,5263,34374,38615,38614],"class_list":{"0":"post-136553","1":"post","2":"type-post","3":"status-publish","4":"format-standard","6":"category-destaques","7":"category-sem-categoria","8":"category-esporte-e-cultura","9":"tag-clinica-intervent","10":"tag-hpv","11":"tag-infectologista","12":"tag-infectologista-mariela-cometki","13":"tag-vacinacao-contra-hpv"},"_links":{"self":[{"href":"https:\/\/senoticias.com.br\/se\/wp-json\/wp\/v2\/posts\/136553"}],"collection":[{"href":"https:\/\/senoticias.com.br\/se\/wp-json\/wp\/v2\/posts"}],"about":[{"href":"https:\/\/senoticias.com.br\/se\/wp-json\/wp\/v2\/types\/post"}],"author":[{"embeddable":true,"href":"https:\/\/senoticias.com.br\/se\/wp-json\/wp\/v2\/users\/6557"}],"replies":[{"embeddable":true,"href":"https:\/\/senoticias.com.br\/se\/wp-json\/wp\/v2\/comments?post=136553"}],"version-history":[{"count":0,"href":"https:\/\/senoticias.com.br\/se\/wp-json\/wp\/v2\/posts\/136553\/revisions"}],"wp:attachment":[{"href":"https:\/\/senoticias.com.br\/se\/wp-json\/wp\/v2\/media?parent=136553"}],"wp:term":[{"taxonomy":"category","embeddable":true,"href":"https:\/\/senoticias.com.br\/se\/wp-json\/wp\/v2\/categories?post=136553"},{"taxonomy":"post_tag","embeddable":true,"href":"https:\/\/senoticias.com.br\/se\/wp-json\/wp\/v2\/tags?post=136553"}],"curies":[{"name":"wp","href":"https:\/\/api.w.org\/{rel}","templated":true}]}}