{"id":136550,"date":"2023-04-03T16:43:35","date_gmt":"2023-04-03T19:43:35","guid":{"rendered":"https:\/\/senoticias.com.br\/se\/?p=136550"},"modified":"2023-04-03T17:54:45","modified_gmt":"2023-04-03T20:54:45","slug":"justica-decreta-prisao-preventiva-de-motorista-que-atropelou-e-matou-ciclista-em-itaporanga","status":"publish","type":"post","link":"https:\/\/senoticias.com.br\/se\/justica-decreta-prisao-preventiva-de-motorista-que-atropelou-e-matou-ciclista-em-itaporanga\/","title":{"rendered":"Justi\u00e7a decreta pris\u00e3o preventiva de motorista que atropelou e matou ciclista em Itaporanga"},"content":{"rendered":"\n<p><\/p>\n\n\n\n<p>O Tribunal de Justi\u00e7a de Sergipe (TJ-SE) decretou nesta segunda-feira, 3, a pris\u00e3o preventiva do <strong>motorista Ruivaldo Lima Cruz<\/strong>, que atropelou e matou o ciclista identificado como <strong>Wilker de Jesus Costa, 28 anos<\/strong>, na Rodovia Arnaldo Rollemberg Garcez (<strong>SE-270<\/strong>), nas proximidades do Povoado Sap\u00e9, distante 6 km da sede do munic\u00edpio de Itaporanga, por volta das 5h30 da manh\u00e3 de domingo, 2 de abril.<\/p>\n\n\n\n<figure class=\"wp-block-image size-large\"><img loading=\"lazy\" decoding=\"async\" width=\"581\" height=\"677\" src=\"https:\/\/senoticias.com.br\/se\/wp-content\/uploads\/2023\/04\/Motorista-preso-SE-Noticias.jpg\" alt=\"\" class=\"wp-image-136552\" srcset=\"https:\/\/senoticias.com.br\/se\/wp-content\/uploads\/2023\/04\/Motorista-preso-SE-Noticias.jpg 581w, https:\/\/senoticias.com.br\/se\/wp-content\/uploads\/2023\/04\/Motorista-preso-SE-Noticias-257x300.jpg 257w\" sizes=\"(max-width: 581px) 100vw, 581px\" \/><figcaption>Segundo a Pol\u00edcia Militar, o motorista foi preso em flagrante e vai responder por homic\u00eddio culposo, na dire\u00e7\u00e3o de ve\u00edculo automotor &#8211; Foto: PM\/SE<\/figcaption><\/figure>\n\n\n\n<p>No atropelamento, a v\u00edtima chegou a ser arrastada em cima do parabrisa do ve\u00edculo, sendo retirado e jogado no ch\u00e3o pelo motorista que fugiu do local sem prestar socorro. Ele deve permanecer preso em uma unidade prisional do estado durante as investiga\u00e7\u00f5es\u00a0 do caso.\u00a0<\/p>\n\n\n\n<p>Policiais militares lotados na 1\u00aa Companhia Independente do 6\u00ba Batalh\u00e3o da Pol\u00edcia Militar de Sergipe realizaram dilig\u00eancias e localizaram o condutor dentro de uma resid\u00eancia no<strong> Povoado Sap\u00e9<\/strong>. Ainda segundo os policiais, o motorista apresentava sinais de embriaguez como dificuldade de fala, odor et\u00edlico forte e dificuldade na locomo\u00e7\u00e3o.<\/p>\n\n\n\n<p>O corpo de Wilker foi sepultado na manh\u00e3 desta segunda-feira, 3, no munic\u00edpio de Itaporanga D\u2019Ajuda.<\/p>\n\n\n\n<p><strong>Relembre<\/strong><\/p>\n\n\n\n<p>Um ciclista identificado como Wilker de Jesus Costa, 28 anos, morreu ap\u00f3s ser atropelado por volta das 5h30 da manh\u00e3 deste domingo (2) em Itaporanga D\u2019Ajuda, distante 30 Km de Aracaju. Segundo a Pol\u00edcia Militar, o motorista do carro que j\u00e1 estava casa, foi preso em flagrante, pois apresentava vis\u00edvel estado de embriaguez.<\/p>\n\n\n\n<p>O atropelamento ocorreu na Rodovia Arnaldo Rollemberg Garcez (SE-270), nas proximidades do Povoado Sap\u00e9, distante 6 km da sede do munic\u00edpio de Itaporanga. O ciclista atingido n\u00e3o resistiu aos ferimentos e morreu ainda no local. Ele e um grupo de amigos seguiam pelas margens da rodovia, em dire\u00e7\u00e3o ao munic\u00edpio de Salgado. O ciclista Adriano Menezes, que teve v\u00e1rias escoria\u00e7\u00f5es, presenciou tudo e tamb\u00e9m foi atingido pelo ve\u00edculo, foi socorrido, levado \u00e0 Unidade de Pronto Atendimento (UPA) do munic\u00edpio e j\u00e1 est\u00e1 em casa.<\/p>\n\n\n\n<p>Segundo testemunhas, o atropelamento ocorreu por volta das 5h30. O ciclista foi lan\u00e7ado no cap\u00f4 do veiculo causador do acidente, o motorista teria descido e deixado o corpo \u00e0s margens da rodovia e fugiu em dire\u00e7\u00e3o ao Povoado Sap\u00e9, onde foi preso em flagrante dentro de casa.<\/p>\n\n\n\n<p>Ao <strong>SE Not\u00edcias<\/strong>, um policial informou que o condutor do Jeep Compass branco se recusou a fazer o teste do baf\u00f4metro. Ele foi levado para a Delegacia Plantonista da cidade de Est\u00e2ncia, onde permanece preso, aguardando audi\u00eancia de cust\u00f3dia, que dever\u00e1 ocorrer amanh\u00e3.<\/p>\n\n\n\n<p><em><strong>Acompanhe tamb\u00e9m o SE Not\u00edcias no\u00a0<a rel=\"noreferrer noopener\" href=\"https:\/\/twitter.com\/Senoticias\" target=\"_blank\">Twitter<\/a>,\u00a0<a rel=\"noreferrer noopener\" href=\"https:\/\/www.facebook.com\/senoticias1\" target=\"_blank\">Facebook<\/a>\u00a0e no\u00a0<a rel=\"noreferrer noopener\" href=\"https:\/\/www.instagram.com\/senoticias\/\" target=\"_blank\">Instagram<\/a><\/strong><\/em><\/p>\n\n\n\n<p><em><strong>Reda\u00e7\u00e3o SE Not\u00edcias<\/strong><\/em><\/p>\n","protected":false},"excerpt":{"rendered":"<p>O Tribunal de Justi\u00e7a de Sergipe (TJ-SE) decretou nesta segunda-feira, 3, a pris\u00e3o preventiva do motorista Ruivaldo Lima Cruz, que atropelou e matou o ciclista identificado como Wilker de Jesus Costa, 28 anos, na Rodovia Arnaldo Rollemberg Garcez (SE-270), nas proximidades do Povoado Sap\u00e9, distante 6 km da sede do munic\u00edpio de Itaporanga, por volta [&hellip;]<\/p>\n","protected":false},"author":6557,"featured_media":0,"comment_status":"closed","ping_status":"closed","sticky":false,"template":"","format":"standard","meta":{"footnotes":""},"categories":[15,7,1],"tags":[38613,35065,5651,11226],"class_list":{"0":"post-136550","1":"post","2":"type-post","3":"status-publish","4":"format-standard","6":"category-destaques","7":"category-policia","8":"category-sem-categoria","9":"tag-atropelou-e-matou-ciclista","10":"tag-ciclista-atropelado","11":"tag-prisao-preventiva","12":"tag-violencia-no-transito"},"_links":{"self":[{"href":"https:\/\/senoticias.com.br\/se\/wp-json\/wp\/v2\/posts\/136550"}],"collection":[{"href":"https:\/\/senoticias.com.br\/se\/wp-json\/wp\/v2\/posts"}],"about":[{"href":"https:\/\/senoticias.com.br\/se\/wp-json\/wp\/v2\/types\/post"}],"author":[{"embeddable":true,"href":"https:\/\/senoticias.com.br\/se\/wp-json\/wp\/v2\/users\/6557"}],"replies":[{"embeddable":true,"href":"https:\/\/senoticias.com.br\/se\/wp-json\/wp\/v2\/comments?post=136550"}],"version-history":[{"count":0,"href":"https:\/\/senoticias.com.br\/se\/wp-json\/wp\/v2\/posts\/136550\/revisions"}],"wp:attachment":[{"href":"https:\/\/senoticias.com.br\/se\/wp-json\/wp\/v2\/media?parent=136550"}],"wp:term":[{"taxonomy":"category","embeddable":true,"href":"https:\/\/senoticias.com.br\/se\/wp-json\/wp\/v2\/categories?post=136550"},{"taxonomy":"post_tag","embeddable":true,"href":"https:\/\/senoticias.com.br\/se\/wp-json\/wp\/v2\/tags?post=136550"}],"curies":[{"name":"wp","href":"https:\/\/api.w.org\/{rel}","templated":true}]}}