{"id":136530,"date":"2023-04-01T10:44:34","date_gmt":"2023-04-01T13:44:34","guid":{"rendered":"https:\/\/senoticias.com.br\/se\/?p=136530"},"modified":"2023-04-01T10:44:40","modified_gmt":"2023-04-01T13:44:40","slug":"condutor-morre-apos-acidente-e-ser-arremessado-para-fora-do-carro-na-avenida-ivo-do-prado","status":"publish","type":"post","link":"https:\/\/senoticias.com.br\/se\/condutor-morre-apos-acidente-e-ser-arremessado-para-fora-do-carro-na-avenida-ivo-do-prado\/","title":{"rendered":"Condutor morre ap\u00f3s acidente e ser arremessado para fora do carro na Avenida Ivo do Prado"},"content":{"rendered":"\n<p><\/p>\n\n\n\n<p>Na noite da \u00faltima sexta-feira (31) foi registrado um acidente com v\u00edtima fatal na avenida Ivo do Prado, no bairro S\u00e3o Jos\u00e9, na capital sergipana.<\/p>\n\n\n\n<p>De acordo com a CPTran (Companhia de Pol\u00edcia de Tr\u00e2nsito), que atendeu a ocorr\u00eancia, o acidente aconteceu por volta das 00h05. O condutor colidiu o ve\u00edculo em um poste de energia.<\/p>\n\n\n\n<figure class=\"wp-block-image size-large\"><img loading=\"lazy\" decoding=\"async\" width=\"600\" height=\"340\" src=\"https:\/\/senoticias.com.br\/se\/wp-content\/uploads\/2023\/04\/Motorissta-morreu-no-local-SE-Noticias.jpg\" alt=\"\" class=\"wp-image-136531\" srcset=\"https:\/\/senoticias.com.br\/se\/wp-content\/uploads\/2023\/04\/Motorissta-morreu-no-local-SE-Noticias.jpg 600w, https:\/\/senoticias.com.br\/se\/wp-content\/uploads\/2023\/04\/Motorissta-morreu-no-local-SE-Noticias-300x170.jpg 300w\" sizes=\"(max-width: 600px) 100vw, 600px\" \/><figcaption>Segundo a PM, o condutor morreu no local &#8211; Foto: PM\/SE<\/figcaption><\/figure>\n\n\n\n<p>Quando a equipe chegou ao local, encontrou o homem j\u00e1 sem vida, ainda assim, o Servi\u00e7o de Atendimento M\u00f3vel de Urg\u00eancia (Samu) foi acionado e constatou o \u00f3bito.<\/p>\n\n\n\n<p>As causas do acidente n\u00e3o foram confirmadas, no entanto, segundo testemunhas, ele teria sofrido infarto enquanto conduzia o carro. Em imagens divulgadas nas rede sociais \u00e9 poss\u00edvel ver a frente do autom\u00f3vel completamente destru\u00edda.<\/p>\n\n\n\n<p><em><strong>Acompanhe tamb\u00e9m o SE Not\u00edcias no\u00a0<a rel=\"noreferrer noopener\" href=\"https:\/\/twitter.com\/Senoticias\" target=\"_blank\">Twitter<\/a>,\u00a0<a rel=\"noreferrer noopener\" href=\"https:\/\/www.facebook.com\/senoticias1\" target=\"_blank\">Facebook<\/a>\u00a0e no\u00a0<a rel=\"noreferrer noopener\" href=\"https:\/\/www.instagram.com\/senoticias\/\" target=\"_blank\">Instagram<\/a><\/strong><\/em><\/p>\n\n\n\n<p>Fonte: A8SE.com<\/p>\n","protected":false},"excerpt":{"rendered":"<p>Na noite da \u00faltima sexta-feira (31) foi registrado um acidente com v\u00edtima fatal na avenida Ivo do Prado, no bairro S\u00e3o Jos\u00e9, na capital sergipana. De acordo com a CPTran (Companhia de Pol\u00edcia de Tr\u00e2nsito), que atendeu a ocorr\u00eancia, o acidente aconteceu por volta das 00h05. O condutor colidiu o ve\u00edculo em um poste de [&hellip;]<\/p>\n","protected":false},"author":6557,"featured_media":0,"comment_status":"closed","ping_status":"closed","sticky":false,"template":"","format":"standard","meta":{"footnotes":""},"categories":[15,7],"tags":[38603,35275,11226],"class_list":{"0":"post-136530","1":"post","2":"type-post","3":"status-publish","4":"format-standard","6":"category-destaques","7":"category-policia","8":"tag-avenida-ivo-do-prado","9":"tag-motorista-morreu","10":"tag-violencia-no-transito"},"_links":{"self":[{"href":"https:\/\/senoticias.com.br\/se\/wp-json\/wp\/v2\/posts\/136530"}],"collection":[{"href":"https:\/\/senoticias.com.br\/se\/wp-json\/wp\/v2\/posts"}],"about":[{"href":"https:\/\/senoticias.com.br\/se\/wp-json\/wp\/v2\/types\/post"}],"author":[{"embeddable":true,"href":"https:\/\/senoticias.com.br\/se\/wp-json\/wp\/v2\/users\/6557"}],"replies":[{"embeddable":true,"href":"https:\/\/senoticias.com.br\/se\/wp-json\/wp\/v2\/comments?post=136530"}],"version-history":[{"count":0,"href":"https:\/\/senoticias.com.br\/se\/wp-json\/wp\/v2\/posts\/136530\/revisions"}],"wp:attachment":[{"href":"https:\/\/senoticias.com.br\/se\/wp-json\/wp\/v2\/media?parent=136530"}],"wp:term":[{"taxonomy":"category","embeddable":true,"href":"https:\/\/senoticias.com.br\/se\/wp-json\/wp\/v2\/categories?post=136530"},{"taxonomy":"post_tag","embeddable":true,"href":"https:\/\/senoticias.com.br\/se\/wp-json\/wp\/v2\/tags?post=136530"}],"curies":[{"name":"wp","href":"https:\/\/api.w.org\/{rel}","templated":true}]}}