{"id":136528,"date":"2023-04-01T10:17:00","date_gmt":"2023-04-01T13:17:00","guid":{"rendered":"https:\/\/senoticias.com.br\/se\/?p=136528"},"modified":"2023-04-01T10:17:07","modified_gmt":"2023-04-01T13:17:07","slug":"alunos-da-ufs-reativam-o-centro-academico-de-secretariado-executivo","status":"publish","type":"post","link":"https:\/\/senoticias.com.br\/se\/alunos-da-ufs-reativam-o-centro-academico-de-secretariado-executivo\/","title":{"rendered":"Alunos da UFS reativam o Centro Acad\u00eamico de Secretariado Executivo"},"content":{"rendered":"\n<p>Na noite desta sexta-feira, 31, os alunos do curso de Secretariado Executivo da Universidade Federal de Sergipe (UFS) tomaram posse no audit\u00f3rio do Centro de Ci\u00eancias Sociais Aplicadas (CCSA). Ap\u00f3s a elei\u00e7\u00e3o, que ocorreu via preenchimento de um formul\u00e1rio enviado via e-mail aos discentes do curso, a \u2018C<strong>hapa Reascender<\/strong>\u2019 teve os votos contabilizados pelo presidente da Comiss\u00e3o Eleitoral, Denis Wesley.<\/p>\n\n\n\n<figure class=\"wp-block-image size-large\"><img loading=\"lazy\" decoding=\"async\" width=\"598\" height=\"327\" src=\"https:\/\/senoticias.com.br\/se\/wp-content\/uploads\/2023\/04\/Diretoria-do-case-SE-noticias.jpg\" alt=\"\" class=\"wp-image-136529\" srcset=\"https:\/\/senoticias.com.br\/se\/wp-content\/uploads\/2023\/04\/Diretoria-do-case-SE-noticias.jpg 598w, https:\/\/senoticias.com.br\/se\/wp-content\/uploads\/2023\/04\/Diretoria-do-case-SE-noticias-300x164.jpg 300w\" sizes=\"(max-width: 598px) 100vw, 598px\" \/><figcaption>Novos dirigentes do CASE &#8211; Foto: Tdantas Comunica\u00e7\u00e3o<\/figcaption><\/figure>\n\n\n\n<p>A reativa\u00e7\u00e3o do Centro Acad\u00eamico de Secretariado Executivo (CASE) se d\u00e1 ap\u00f3s haver a necessidade de representantes dos alunos nas reuni\u00f5es dos professores, bem como nas tomadas de decis\u00f5es que visam o futuro do curso. O Departamento, por sua vez, destacou a import\u00e2ncia dos alunos participarem neste processo de escolha de seus representantes.<\/p>\n\n\n\n<p>\u201cGostar\u00edamos de enfatizar a import\u00e2ncia da representa\u00e7\u00e3o estudantil para a defesa dos direitos de todos os discentes da universidade. Por isso, pedimos que todos os estudantes participem ativamente do processo eleitoral e votem conscientemente. Acreditamos que a escolha de representantes comprometidos e engajados com as quest\u00f5es dos estudantes \u00e9 fundamental para uma gest\u00e3o eficiente e eficaz do Centro Acad\u00eamico de Secretariado Executivo. Por isso, contamos com a participa\u00e7\u00e3o de todos nesse importante processo de escolha de representantes\u201d, disse o e-mail que foi enviado aos estudantes, junto com o link do formul\u00e1rio a ser preenchido.<\/p>\n\n\n\n<p>O diretor de Comunica\u00e7\u00e3o da chapa vencedora, Thieres Oliveira, enfatizou que esse \u00e9 um marco para todos que fazem parte do curso, pois o CASE ficou desativado cerca de um ano por falta de representantes. \u201cN\u00f3s estamos com uma equipe preparada para ir em busca de melhorias para o nosso curso. Fizemos algumas reuni\u00f5es e chegamos \u00e0 conclus\u00e3o que precis\u00e1vamos dessa representatividade dentro do curso. Em nome de todos que comp\u00f5em a Chapa, agrade\u00e7o aos alunos que votaram e acreditam na nossa for\u00e7a de vontade. Vamos represent\u00e1-los com muita garra e determina\u00e7\u00e3o\u201d, agradeceu o diretor.<\/p>\n\n\n\n<p>O professor Augusto C\u00e9sar e o professor Diego Fiel representaram os demais docentes do curso na solenidade de posse. Em sua breve fala, o professor Augusto n\u00e3o mediu as palavras para externar a sua felicidade em ver o CASE sendo reativado. \u201cEstou muito feliz de ver o audit\u00f3rio cheio. Essa iniciativa destes alunos foi extremamente importante, essa preocupa\u00e7\u00e3o e esse resgate, pois n\u00f3s, professores, viemos tentando estimular a alguns anos os alunos do curso para essa reativa\u00e7\u00e3o, e voc\u00eas alunos do segundo per\u00edodo, por iniciativa pr\u00f3pria, fizeram todo o processo legal e conseguiram com \u00eaxito. Parabenizo a voc\u00eas e a todos que se fizeram presentes na Assembleia, na vota\u00e7\u00e3o e agora aqui na posse\u201d, agradeceu o professor.<\/p>\n\n\n\n<p>O novo CASE \u00e9 composto pelos seguintes alunos: Beatriz Freitas, presidente; Tawan Ribeiro, vice-presidente; Eliene Santana, secret\u00e1ria-geral; Anne Muniz, diretora de eventos; e Douglas Augusto, tesoureiro-geral.<\/p>\n\n\n\n<p><em><strong>Acompanhe tamb\u00e9m o SE Not\u00edcias no\u00a0<a rel=\"noreferrer noopener\" href=\"https:\/\/twitter.com\/Senoticias\" target=\"_blank\">Twitter<\/a>,\u00a0<a rel=\"noreferrer noopener\" href=\"https:\/\/www.facebook.com\/senoticias1\" target=\"_blank\">Facebook<\/a>\u00a0e no\u00a0<a rel=\"noreferrer noopener\" href=\"https:\/\/www.instagram.com\/senoticias\/\" target=\"_blank\">Instagram<\/a><\/strong><\/em><\/p>\n\n\n\n<p><em>Fonte: TDantas Comunica\u00e7\u00e3o<\/em><\/p>\n","protected":false},"excerpt":{"rendered":"<p>Na noite desta sexta-feira, 31, os alunos do curso de Secretariado Executivo da Universidade Federal de Sergipe (UFS) tomaram posse no audit\u00f3rio do Centro de Ci\u00eancias Sociais Aplicadas (CCSA). Ap\u00f3s a elei\u00e7\u00e3o, que ocorreu via preenchimento de um formul\u00e1rio enviado via e-mail aos discentes do curso, a \u2018Chapa Reascender\u2019 teve os votos contabilizados pelo presidente [&hellip;]<\/p>\n","protected":false},"author":6557,"featured_media":0,"comment_status":"closed","ping_status":"closed","sticky":false,"template":"","format":"standard","meta":{"footnotes":""},"categories":[15,38],"tags":[7787,38602,38601,2299],"class_list":{"0":"post-136528","1":"post","2":"type-post","3":"status-publish","4":"format-standard","6":"category-destaques","7":"category-municipios","8":"tag-case","9":"tag-centro-academico","10":"tag-centro-academico-de-secretariado-executivo","11":"tag-ufs"},"_links":{"self":[{"href":"https:\/\/senoticias.com.br\/se\/wp-json\/wp\/v2\/posts\/136528"}],"collection":[{"href":"https:\/\/senoticias.com.br\/se\/wp-json\/wp\/v2\/posts"}],"about":[{"href":"https:\/\/senoticias.com.br\/se\/wp-json\/wp\/v2\/types\/post"}],"author":[{"embeddable":true,"href":"https:\/\/senoticias.com.br\/se\/wp-json\/wp\/v2\/users\/6557"}],"replies":[{"embeddable":true,"href":"https:\/\/senoticias.com.br\/se\/wp-json\/wp\/v2\/comments?post=136528"}],"version-history":[{"count":0,"href":"https:\/\/senoticias.com.br\/se\/wp-json\/wp\/v2\/posts\/136528\/revisions"}],"wp:attachment":[{"href":"https:\/\/senoticias.com.br\/se\/wp-json\/wp\/v2\/media?parent=136528"}],"wp:term":[{"taxonomy":"category","embeddable":true,"href":"https:\/\/senoticias.com.br\/se\/wp-json\/wp\/v2\/categories?post=136528"},{"taxonomy":"post_tag","embeddable":true,"href":"https:\/\/senoticias.com.br\/se\/wp-json\/wp\/v2\/tags?post=136528"}],"curies":[{"name":"wp","href":"https:\/\/api.w.org\/{rel}","templated":true}]}}