{"id":136507,"date":"2023-03-30T21:02:47","date_gmt":"2023-03-31T00:02:47","guid":{"rendered":"https:\/\/senoticias.com.br\/se\/?p=136507"},"modified":"2023-03-30T21:16:33","modified_gmt":"2023-03-31T00:16:33","slug":"camara-de-vereadores-de-aracaju-aprova-requerimento-que-pede-suspensao-da-ppp-da-saude","status":"publish","type":"post","link":"https:\/\/senoticias.com.br\/se\/camara-de-vereadores-de-aracaju-aprova-requerimento-que-pede-suspensao-da-ppp-da-saude\/","title":{"rendered":"C\u00e2mara de Vereadores de Aracaju aprova requerimento que pede suspens\u00e3o da PPP da sa\u00fade"},"content":{"rendered":"\n<p><\/p>\n\n\n\n<p>A C\u00e2mara de Vereadores de Aracaju aprovou nesta quinta-feira, 30, o requerimento apresentado pelo vereador Isac Silveira (PDT), presidente da Comiss\u00e3o de Sa\u00fade da Casa Parlamentar, que pede a suspens\u00e3o do edital da Parceria P\u00fablico-Privada da \u00e1rea da Sa\u00fade na capital sergipana, o \u2018PPP da Sa\u00fade\u2019. O requerimento foi aprovado por 13 votos a 5.<\/p>\n\n\n\n<figure class=\"wp-block-image size-large\"><img loading=\"lazy\" decoding=\"async\" width=\"600\" height=\"432\" src=\"https:\/\/senoticias.com.br\/se\/wp-content\/uploads\/2023\/03\/Camara-de-Aracaju-SE-Noticias.jpg\" alt=\"\" class=\"wp-image-136510\" srcset=\"https:\/\/senoticias.com.br\/se\/wp-content\/uploads\/2023\/03\/Camara-de-Aracaju-SE-Noticias.jpg 600w, https:\/\/senoticias.com.br\/se\/wp-content\/uploads\/2023\/03\/Camara-de-Aracaju-SE-Noticias-300x216.jpg 300w, https:\/\/senoticias.com.br\/se\/wp-content\/uploads\/2023\/03\/Camara-de-Aracaju-SE-Noticias-373x270.jpg 373w, https:\/\/senoticias.com.br\/se\/wp-content\/uploads\/2023\/03\/Camara-de-Aracaju-SE-Noticias-475x342.jpg 475w\" sizes=\"(max-width: 600px) 100vw, 600px\" \/><figcaption>\nC\u00e2mara de Vereadores de Aracaju pede suspens\u00e3o da PPP da Sa\u00fade &#8211; Foto: Gilton Rosas<\/figcaption><\/figure>\n\n\n\n<p>O texto do requerimento, pede que seja enviado \u00e0 Prefeitura de Aracaju, ao Tribunal de Contas de Sergipe, ao Tribunal de Justi\u00e7a e ao Minist\u00e9rio P\u00fablico de Sergipe, a imediata suspens\u00e3o das tratativas do PPP. Uma vez que, segundo ele, infringe princ\u00edpios constitucionais, normas de direito administrativo e vai de encontro com o interesse p\u00fablico e dos profissionais da \u00e1rea de sa\u00fade, levando em considera\u00e7\u00e3o que eles n\u00e3o foram consultados ou participaram da elabora\u00e7\u00e3o do projeto.<\/p>\n\n\n\n<p>Al\u00e9m disso, consta no requerimento que, no dia 28 de mar\u00e7o, uma Audi\u00eancia P\u00fablica foi realizada na C\u00e2mara de Aracaju, com a participa\u00e7\u00e3o de diversos ramos da sociedade, incluindo os sindicatos e profissionais da \u00e1rea p\u00fablica de sa\u00fade. Na ocasi\u00e3o, um manifesto em abaixo-assinado demonstrando a contrariedade dos presentes sobre a minuta do PPP foi entregue.<\/p>\n\n\n\n<p>Para o vereador Isac, o processo de Parceria P\u00fablico-Privada, nos termos ent\u00e3o postos, representa um passo irremedi\u00e1vel para a privatiza\u00e7\u00e3o da sa\u00fade p\u00fablica aracajuana. \u201cAgora, em Aracaju, nos voltamos a esse conceito neoliberal de entregar a iniciativa privada aquilo que \u00e9 atividade fim do Estado. Quando se entrega ao setor privado, o Estado se dissolve e perdemos as refer\u00eancias jur\u00eddicas e administrativas. Nos tornamos estados e na\u00e7\u00f5es fracas. Prefeitura terceirizando servi\u00e7o fim \u00e9 prefeitura fraca, este parlamento n\u00e3o pode aprovar que haja um enfraquecimento nas rela\u00e7\u00f5es trabalhistas na parceria p\u00fablico-privado\u201d, destaca o vereador.<\/p>\n\n\n\n<p>PMA<\/p>\n\n\n\n<p>A Prefeitura de Aracaju, por meio de nota, disse que lamenta a politiza\u00e7\u00e3o e a precipita\u00e7\u00e3o negativa a respeito da Parceria P\u00fablico Privada da sa\u00fade por parte de pessoas que desconhecem o projeto. \u201d A gest\u00e3o municipal \u00e9 a maior defensora do Sistema \u00danico de Sa\u00fade e busca projetos para ampliar e melhorar a assist\u00eancia ao usu\u00e1rio. A Prefeitura seguir\u00e1 todas as recomenda\u00e7\u00f5es legais de transpar\u00eancia e de debate sobre o tema no momento oportuno\u201d, destacou.<\/p>\n\n\n\n<p><em><strong>Acompanhe tamb\u00e9m o SE Not\u00edcias no\u00a0<a rel=\"noreferrer noopener\" href=\"https:\/\/twitter.com\/Senoticias\" target=\"_blank\">Twitter<\/a>,\u00a0<a rel=\"noreferrer noopener\" href=\"https:\/\/www.facebook.com\/senoticias1\" target=\"_blank\">Facebook<\/a>\u00a0e no\u00a0<a rel=\"noreferrer noopener\" href=\"https:\/\/www.instagram.com\/senoticias\/\" target=\"_blank\">Instagram<\/a><\/strong><\/em><\/p>\n\n\n\n<p><em>Por Luana Maria e Verlane Est\u00e1cio, do <a href=\"https:\/\/infonet.com.br\/noticias\/politica\/cma-aprova-requerimento-que-pede-suspensao-da-ppp-da-saude\/\">Portal Infonet<\/a><\/em><\/p>\n","protected":false},"excerpt":{"rendered":"<p>A C\u00e2mara de Vereadores de Aracaju aprovou nesta quinta-feira, 30, o requerimento apresentado pelo vereador Isac Silveira (PDT), presidente da Comiss\u00e3o de Sa\u00fade da Casa Parlamentar, que pede a suspens\u00e3o do edital da Parceria P\u00fablico-Privada da \u00e1rea da Sa\u00fade na capital sergipana, o \u2018PPP da Sa\u00fade\u2019. O requerimento foi aprovado por 13 votos a 5. [&hellip;]<\/p>\n","protected":false},"author":6557,"featured_media":0,"comment_status":"closed","ping_status":"closed","sticky":false,"template":"","format":"standard","meta":{"footnotes":""},"categories":[15,6,1],"tags":[500,38589,213],"class_list":{"0":"post-136507","1":"post","2":"type-post","3":"status-publish","4":"format-standard","6":"category-destaques","7":"category-politica","8":"category-sem-categoria","9":"tag-camara-de-vereadores-de-aracaju","10":"tag-ppp-da-saude","11":"tag-prefeitura-de-aracaju"},"_links":{"self":[{"href":"https:\/\/senoticias.com.br\/se\/wp-json\/wp\/v2\/posts\/136507"}],"collection":[{"href":"https:\/\/senoticias.com.br\/se\/wp-json\/wp\/v2\/posts"}],"about":[{"href":"https:\/\/senoticias.com.br\/se\/wp-json\/wp\/v2\/types\/post"}],"author":[{"embeddable":true,"href":"https:\/\/senoticias.com.br\/se\/wp-json\/wp\/v2\/users\/6557"}],"replies":[{"embeddable":true,"href":"https:\/\/senoticias.com.br\/se\/wp-json\/wp\/v2\/comments?post=136507"}],"version-history":[{"count":0,"href":"https:\/\/senoticias.com.br\/se\/wp-json\/wp\/v2\/posts\/136507\/revisions"}],"wp:attachment":[{"href":"https:\/\/senoticias.com.br\/se\/wp-json\/wp\/v2\/media?parent=136507"}],"wp:term":[{"taxonomy":"category","embeddable":true,"href":"https:\/\/senoticias.com.br\/se\/wp-json\/wp\/v2\/categories?post=136507"},{"taxonomy":"post_tag","embeddable":true,"href":"https:\/\/senoticias.com.br\/se\/wp-json\/wp\/v2\/tags?post=136507"}],"curies":[{"name":"wp","href":"https:\/\/api.w.org\/{rel}","templated":true}]}}