{"id":136506,"date":"2023-03-30T18:02:55","date_gmt":"2023-03-30T21:02:55","guid":{"rendered":"https:\/\/senoticias.com.br\/se\/?p=136506"},"modified":"2023-03-30T18:02:59","modified_gmt":"2023-03-30T21:02:59","slug":"prefeitura-de-sao-cristovao-faz-mudanca-em-secretarias-troca-de-nomes-e-novas-atribuicoes-entenda","status":"publish","type":"post","link":"https:\/\/senoticias.com.br\/se\/prefeitura-de-sao-cristovao-faz-mudanca-em-secretarias-troca-de-nomes-e-novas-atribuicoes-entenda\/","title":{"rendered":"Prefeitura de S\u00e3o Crist\u00f3v\u00e3o faz mudan\u00e7a em secretarias, troca de nomes e novas atribui\u00e7\u00f5es; entenda"},"content":{"rendered":"\n<p>A Prefeitura de S\u00e3o Crist\u00f3v\u00e3o, na Grande Aracaju, publicou nesta segunda-feira (28), no Di\u00e1rio Oficial, a mudan\u00e7a de fun\u00e7\u00f5es e denomina\u00e7\u00f5es de secretarias, assim como a troca de respons\u00e1veis pelas pastas. <strong>Ao Portal<\/strong> <strong>SE Not\u00edcias<\/strong>, o prefeito Marcos Santana afirmou que, apesar das altera\u00e7\u00f5es, nenhum cargo p\u00fablico foi criado.<\/p>\n\n\n\n<p>Segundo o chefe do Executivo, as mudan\u00e7as foram feitas a partir das vagas existentes na prefeitura. &#8220;Reformulamos em cima do que j\u00e1 existia, a partir da necessidade que a m\u00e1quina administrativa tem de ser mais \u00e1gil e, neste momento, de executar e entregar projetos&#8221;.<\/p>\n\n\n\n<p>Entre as principais mudan\u00e7as em fun\u00e7\u00f5es das pastas, o prefeito destacou a Secretaria Municipal de Defesa Social, que vai gerir a Superintend\u00eancia Municipal de Tr\u00e2nsito e Transporte (SMTT), a Defesa Civil e a Guarda Civil. Para ocupar o cargo foi nomeado Edmilson Brito que at\u00e9 ent\u00e3o responde pela pasta do Meio Ambiente.<\/p>\n\n\n\n<p>O prefeito Marcos Santana falou do papel importante que Edmilson assume neste momento. \u201cEle tem a fun\u00e7\u00e3o de coordenar toda a estrutura de defesa do munic\u00edpio que a partir de agora n\u00e3o trata apenas da defesa civil e do tr\u00e2nsito. Ele vai ser respons\u00e1vel por estruturar a nova guarda civil do munic\u00edpio, cujo concurso para forma\u00e7\u00e3o de quadro de servidores est\u00e1 em per\u00edodo de inscri\u00e7\u00e3o e as provas ser\u00e3o realizadas em maio pr\u00f3ximo\u201d, explicou o prefeito.<\/p>\n\n\n\n<p>Edmilson Brito \u00e9 advogado, jornalista e radialista. Natural de Nossa Senhora das Dores, vive no munic\u00edpio de S\u00e3o Crist\u00f3v\u00e3o desde 1988 tendo assumido v\u00e1rios cargos p\u00fablicos como o de secret\u00e1rio municipal de sa\u00fade, atualmente respondia pela secretaria de meio ambiente (SEMMA). Trabalhou ainda na FUNCAP \u2013 Funda\u00e7\u00e3o de Cultura e Arte Aperip\u00ea, na Casa Civil do Governo de Sergipe.<\/p>\n\n\n\n<p>Para a Secretaria Municipal do Meio Ambiente (Semma) foi nomeada a arquiteta e urbanista Janine Menezes de Oliveira. Em seu discurso de posse, ela agradeceu ao prefeito Marcos Santana pelo convite para integrar a gest\u00e3o e falou sobre o importante papel que desempenhar\u00e1 em prol das quest\u00f5es ambientais na Cidade M\u00e3e de Sergipe.<\/p>\n\n\n\n<p>\u201cDecidi aceitar essa miss\u00e3o para agregar e contribuir com o que j\u00e1 vem sendo realizado no munic\u00edpio de S\u00e3o Crist\u00f3v\u00e3o, com consci\u00eancia e responsabilidade ambiental. Tenho experi\u00eancia em gest\u00e3o ambiental, no \u00f3rg\u00e3o ambiental estadual e com a \u00e1rea de licenciamento e com essa experi\u00eancia espero contribuir para as melhorias no munic\u00edpio\u201d, declarou a nova secret\u00e1ria.<\/p>\n\n\n\n<p><strong>Curr\u00edculo<\/strong><\/p>\n\n\n\n<p>Arquiteta e Urbanista graduada pela Universidade Tiradentes em 2002, Janine Menezes \u00e9 p\u00f3s-graduada em Gest\u00e3o Ambiental pela Faculdade de Administra\u00e7\u00e3o e Neg\u00f3cios de Sergipe em 2006.<\/p>\n\n\n\n<p>Iniciou sua experi\u00eancia de 19 anos na \u00e1rea ambiental em 2004, no rec\u00e9m-criado setor de Atendimento Ambiental da Administra\u00e7\u00e3o Estadual de Meio Ambiente &#8211; Adema. Foi analista e fiscal ambiental por oito anos. Em 2015 assumiu a Ger\u00eancia de Licenciamento Ambiental, onde estava baixa por quatro anos. Desde 2019, era integrante da equipe de analistas da Ger\u00eancia de Avalia\u00e7\u00e3o de Impactos Ambientais.<\/p>\n\n\n\n<p>Para a Ag\u00eancia Municipal de regula\u00e7\u00e3o dos Servi\u00e7os P\u00fablicos (AMRESC) foi nomeado o vereador licenciado Jos\u00e9 Augustinho Santos, que antes respondia pela Secretaria Municipal de Rela\u00e7\u00f5es Institucionais. Para essa pasta foi nomeado o vereador licenciado Fernando da Sa\u00fade.<\/p>\n","protected":false},"excerpt":{"rendered":"<p>A Prefeitura de S\u00e3o Crist\u00f3v\u00e3o, na Grande Aracaju, publicou nesta segunda-feira (28), no Di\u00e1rio Oficial, a mudan\u00e7a de fun\u00e7\u00f5es e denomina\u00e7\u00f5es de secretarias, assim como a troca de respons\u00e1veis pelas pastas. Ao Portal SE Not\u00edcias, o prefeito Marcos Santana afirmou que, apesar das altera\u00e7\u00f5es, nenhum cargo p\u00fablico foi criado. Segundo o chefe do Executivo, as [&hellip;]<\/p>\n","protected":false},"author":6557,"featured_media":0,"comment_status":"closed","ping_status":"closed","sticky":false,"template":"","format":"standard","meta":{"footnotes":""},"categories":[1],"tags":[],"class_list":{"0":"post-136506","1":"post","2":"type-post","3":"status-publish","4":"format-standard","6":"category-sem-categoria"},"_links":{"self":[{"href":"https:\/\/senoticias.com.br\/se\/wp-json\/wp\/v2\/posts\/136506"}],"collection":[{"href":"https:\/\/senoticias.com.br\/se\/wp-json\/wp\/v2\/posts"}],"about":[{"href":"https:\/\/senoticias.com.br\/se\/wp-json\/wp\/v2\/types\/post"}],"author":[{"embeddable":true,"href":"https:\/\/senoticias.com.br\/se\/wp-json\/wp\/v2\/users\/6557"}],"replies":[{"embeddable":true,"href":"https:\/\/senoticias.com.br\/se\/wp-json\/wp\/v2\/comments?post=136506"}],"version-history":[{"count":0,"href":"https:\/\/senoticias.com.br\/se\/wp-json\/wp\/v2\/posts\/136506\/revisions"}],"wp:attachment":[{"href":"https:\/\/senoticias.com.br\/se\/wp-json\/wp\/v2\/media?parent=136506"}],"wp:term":[{"taxonomy":"category","embeddable":true,"href":"https:\/\/senoticias.com.br\/se\/wp-json\/wp\/v2\/categories?post=136506"},{"taxonomy":"post_tag","embeddable":true,"href":"https:\/\/senoticias.com.br\/se\/wp-json\/wp\/v2\/tags?post=136506"}],"curies":[{"name":"wp","href":"https:\/\/api.w.org\/{rel}","templated":true}]}}