{"id":136505,"date":"2023-03-30T16:52:33","date_gmt":"2023-03-30T19:52:33","guid":{"rendered":"https:\/\/senoticias.com.br\/se\/?p=136505"},"modified":"2023-03-30T16:52:48","modified_gmt":"2023-03-30T19:52:48","slug":"prf-recupera-caminhao-com-registro-de-roubo-em-sao-cristovao","status":"publish","type":"post","link":"https:\/\/senoticias.com.br\/se\/prf-recupera-caminhao-com-registro-de-roubo-em-sao-cristovao\/","title":{"rendered":"PRF recupera caminh\u00e3o com registro de roubo em S\u00e3o Crist\u00f3v\u00e3o"},"content":{"rendered":"\n<p>Policiais rodovi\u00e1rios federais recuperaram, na tarde dessa quarta-feira, 29, um caminh\u00e3o com registro de apropria\u00e7\u00e3o ind\u00e9bita. A a\u00e7\u00e3o aconteceu na BR-101, munic\u00edpio de S\u00e3o Crist\u00f3v\u00e3o\/SE.<\/p>\n\n\n\n<figure class=\"wp-block-image size-large\"><img loading=\"lazy\" decoding=\"async\" width=\"573\" height=\"382\" src=\"https:\/\/senoticias.com.br\/se\/wp-content\/uploads\/2022\/03\/PRF-Cidada-SE-Noticias.png\" alt=\"\" class=\"wp-image-132020\" srcset=\"https:\/\/senoticias.com.br\/se\/wp-content\/uploads\/2022\/03\/PRF-Cidada-SE-Noticias.png 573w, https:\/\/senoticias.com.br\/se\/wp-content\/uploads\/2022\/03\/PRF-Cidada-SE-Noticias-300x200.png 300w, https:\/\/senoticias.com.br\/se\/wp-content\/uploads\/2022\/03\/PRF-Cidada-SE-Noticias-90x60.png 90w, https:\/\/senoticias.com.br\/se\/wp-content\/uploads\/2022\/03\/PRF-Cidada-SE-Noticias-180x120.png 180w, https:\/\/senoticias.com.br\/se\/wp-content\/uploads\/2022\/03\/PRF-Cidada-SE-Noticias-95x64.png 95w\" sizes=\"(max-width: 573px) 100vw, 573px\" \/><figcaption>\nA a\u00e7\u00e3o aconteceu na BR-101 &#8211; Foto: PRF<\/figcaption><\/figure>\n\n\n\n<p>A equipe PRF realizava o trabalho de policiamento ostensivo no km 104, quando abordou o condutor de um VW\/25.420, com placas de Bahia. Durante fiscaliza\u00e7\u00e3o, os policiais constataram, ap\u00f3s consulta aos sistemas operacionais, a exist\u00eancia de um processo de apropria\u00e7\u00e3o ind\u00e9bita do ve\u00edculo.<\/p>\n\n\n\n<p>A ocorr\u00eancia foi encaminhada \u00e0 delegacia de Pol\u00edcia Civil do munic\u00edpio, para as devidas provid\u00eancias.<\/p>\n\n\n\n<p><em><strong>Acompanhe tamb\u00e9m o SE Not\u00edcias no\u00a0<a rel=\"noreferrer noopener\" href=\"https:\/\/twitter.com\/Senoticias\" target=\"_blank\">Twitter<\/a>,\u00a0<a rel=\"noreferrer noopener\" href=\"https:\/\/www.facebook.com\/senoticias1\" target=\"_blank\">Facebook<\/a>\u00a0e no\u00a0<a rel=\"noreferrer noopener\" href=\"https:\/\/www.instagram.com\/senoticias\/\" target=\"_blank\">Instagram<\/a><\/strong><\/em><\/p>\n\n\n\n<p>Fonte: ascom\/PRF<\/p>\n","protected":false},"excerpt":{"rendered":"<p>Policiais rodovi\u00e1rios federais recuperaram, na tarde dessa quarta-feira, 29, um caminh\u00e3o com registro de apropria\u00e7\u00e3o ind\u00e9bita. A a\u00e7\u00e3o aconteceu na BR-101, munic\u00edpio de S\u00e3o Crist\u00f3v\u00e3o\/SE. A equipe PRF realizava o trabalho de policiamento ostensivo no km 104, quando abordou o condutor de um VW\/25.420, com placas de Bahia. Durante fiscaliza\u00e7\u00e3o, os policiais constataram, ap\u00f3s consulta [&hellip;]<\/p>\n","protected":false},"author":6557,"featured_media":0,"comment_status":"closed","ping_status":"closed","sticky":false,"template":"","format":"standard","meta":{"footnotes":""},"categories":[15,7],"tags":[38588,7830,77],"class_list":{"0":"post-136505","1":"post","2":"type-post","3":"status-publish","4":"format-standard","6":"category-destaques","7":"category-policia","8":"tag-caminhao-com-registro-de-roubo","9":"tag-policiais-rodoviarios-federais","10":"tag-prf"},"_links":{"self":[{"href":"https:\/\/senoticias.com.br\/se\/wp-json\/wp\/v2\/posts\/136505"}],"collection":[{"href":"https:\/\/senoticias.com.br\/se\/wp-json\/wp\/v2\/posts"}],"about":[{"href":"https:\/\/senoticias.com.br\/se\/wp-json\/wp\/v2\/types\/post"}],"author":[{"embeddable":true,"href":"https:\/\/senoticias.com.br\/se\/wp-json\/wp\/v2\/users\/6557"}],"replies":[{"embeddable":true,"href":"https:\/\/senoticias.com.br\/se\/wp-json\/wp\/v2\/comments?post=136505"}],"version-history":[{"count":0,"href":"https:\/\/senoticias.com.br\/se\/wp-json\/wp\/v2\/posts\/136505\/revisions"}],"wp:attachment":[{"href":"https:\/\/senoticias.com.br\/se\/wp-json\/wp\/v2\/media?parent=136505"}],"wp:term":[{"taxonomy":"category","embeddable":true,"href":"https:\/\/senoticias.com.br\/se\/wp-json\/wp\/v2\/categories?post=136505"},{"taxonomy":"post_tag","embeddable":true,"href":"https:\/\/senoticias.com.br\/se\/wp-json\/wp\/v2\/tags?post=136505"}],"curies":[{"name":"wp","href":"https:\/\/api.w.org\/{rel}","templated":true}]}}