{"id":136503,"date":"2023-03-30T16:27:33","date_gmt":"2023-03-30T19:27:33","guid":{"rendered":"https:\/\/senoticias.com.br\/se\/?p=136503"},"modified":"2023-03-30T16:33:35","modified_gmt":"2023-03-30T19:33:35","slug":"depois-de-90-dias-nos-estados-unidos-bolsonaro-chega-a-brasilia","status":"publish","type":"post","link":"https:\/\/senoticias.com.br\/se\/depois-de-90-dias-nos-estados-unidos-bolsonaro-chega-a-brasilia\/","title":{"rendered":"Depois de 90 dias nos Estados Unidos, Bolsonaro chega a Bras\u00edlia"},"content":{"rendered":"\n<p>O ex-presidente Jair Bolsonaro (PL) est\u00e1 de volta ao Brasil. Depois de 90 dias nos Estados Unidos, Bolsonaro chegou nesta quinta-feira (30\/3), no Aeroporto Internacional Juscelino Kubitscheck, em Bras\u00edlia. O voo 7601, da Gol, decolou \u00e0s 22h08 de Orlando, na Fl\u00f3rida, e pousou \u00e0s 6h38 \u2014 ou seja, chegou 32 minutos antes do hor\u00e1rio previsto.<\/p>\n\n\n\n<figure class=\"wp-block-image size-large\"><img loading=\"lazy\" decoding=\"async\" width=\"586\" height=\"320\" src=\"https:\/\/senoticias.com.br\/se\/wp-content\/uploads\/2023\/03\/Bolsonaro-SE-Noticias.jpeg\" alt=\"\" class=\"wp-image-136504\" srcset=\"https:\/\/senoticias.com.br\/se\/wp-content\/uploads\/2023\/03\/Bolsonaro-SE-Noticias.jpeg 586w, https:\/\/senoticias.com.br\/se\/wp-content\/uploads\/2023\/03\/Bolsonaro-SE-Noticias-300x164.jpeg 300w\" sizes=\"(max-width: 586px) 100vw, 586px\" \/><figcaption>Ap\u00f3s chegada a Bras\u00edlia, Bolsonaro fala a correligion\u00e1rios na sede do PL &#8211; reprodu\u00e7\u00e3o Twitter<\/figcaption><\/figure>\n\n\n\n<p>At\u00e9 a \u00faltima atualiza\u00e7\u00e3o desta reportagem, Bolsonaro n\u00e3o havia se pronunciado oficialmente. Pelo protocolo montado pela Pol\u00edcia Federal, agentes da corpora\u00e7\u00e3o iam entrar na classe executiva do avi\u00e3o para encaminhar o ex-presidente at\u00e9 um carro da PF. Esse \u00e9 o procedimento padr\u00e3o para ex-presidentes, quando n\u00e3o saem diretamente no sagu\u00e3o do aeroporto.<\/p>\n\n\n\n<p>De l\u00e1, o carro da PF trafegaria por uma \u00e1rea restrita para deixar o ex-presidente at\u00e9 o ve\u00edculo particular, de propriedade do PL. Segundo o partido, do Aeroporto Internacional, Bolsonaro segue para a sede da legenda, no Complexo Brasil 21, onde ser\u00e1 recebido, entre outros, pela mulher, Michelle Bolsonaro, pelo presidente nacional do PL, Valdemar Costa Neto, pelo secret\u00e1rio de Rela\u00e7\u00f5es Institucionais da sigla, general Braga Netto, e por outras autoridades.<\/p>\n\n\n\n<p>N\u00e3o est\u00e1 previsto qualquer evento ou fala do ex-presidente. Ele dever\u00e1 receber cumprimentos de parlamentares do PL e de outras autoridades num espa\u00e7o reservado dentro do Complexo Brasil 21, com acesso restrito. O encontro ser\u00e1 fechado. Na semana que vem, Bolsonaro assume formalmente a fun\u00e7\u00e3o de presidente de honra do PL e dever\u00e1 despachar normalmente em seu escrit\u00f3rio.<\/p>\n\n\n\n<p>Bolsonaro embarcou para os EUA na tarde de 30 de dezembro do ano passado para n\u00e3o ter que participar da cerim\u00f4nia de transmiss\u00e3o de faixa ao presidente Luiz In\u00e1cio Lula da Silva, que ocorreu em 1\u00ba de janeiro.<\/p>\n\n\n\n<p><em><strong>Acompanhe tamb\u00e9m o SE Not\u00edcias no\u00a0<a rel=\"noreferrer noopener\" href=\"https:\/\/twitter.com\/Senoticias\" target=\"_blank\">Twitter<\/a>,\u00a0<a rel=\"noreferrer noopener\" href=\"https:\/\/www.facebook.com\/senoticias1\" target=\"_blank\">Facebook<\/a>\u00a0e no\u00a0<a rel=\"noreferrer noopener\" href=\"https:\/\/www.instagram.com\/senoticias\/\" target=\"_blank\">Instagram<\/a><\/strong><\/em><\/p>\n\n\n\n<p>Fonte:  Correio Braziliense<\/p>\n","protected":false},"excerpt":{"rendered":"<p>O ex-presidente Jair Bolsonaro (PL) est\u00e1 de volta ao Brasil. Depois de 90 dias nos Estados Unidos, Bolsonaro chegou nesta quinta-feira (30\/3), no Aeroporto Internacional Juscelino Kubitscheck, em Bras\u00edlia. O voo 7601, da Gol, decolou \u00e0s 22h08 de Orlando, na Fl\u00f3rida, e pousou \u00e0s 6h38 \u2014 ou seja, chegou 32 minutos antes do hor\u00e1rio previsto. [&hellip;]<\/p>\n","protected":false},"author":6557,"featured_media":0,"comment_status":"closed","ping_status":"closed","sticky":false,"template":"","format":"standard","meta":{"footnotes":""},"categories":[15,2961],"tags":[3272,6189,13247],"class_list":{"0":"post-136503","1":"post","2":"type-post","3":"status-publish","4":"format-standard","6":"category-destaques","7":"category-nacional","8":"tag-bolsonaro","9":"tag-jair-bolsonaro","10":"tag-pl"},"_links":{"self":[{"href":"https:\/\/senoticias.com.br\/se\/wp-json\/wp\/v2\/posts\/136503"}],"collection":[{"href":"https:\/\/senoticias.com.br\/se\/wp-json\/wp\/v2\/posts"}],"about":[{"href":"https:\/\/senoticias.com.br\/se\/wp-json\/wp\/v2\/types\/post"}],"author":[{"embeddable":true,"href":"https:\/\/senoticias.com.br\/se\/wp-json\/wp\/v2\/users\/6557"}],"replies":[{"embeddable":true,"href":"https:\/\/senoticias.com.br\/se\/wp-json\/wp\/v2\/comments?post=136503"}],"version-history":[{"count":0,"href":"https:\/\/senoticias.com.br\/se\/wp-json\/wp\/v2\/posts\/136503\/revisions"}],"wp:attachment":[{"href":"https:\/\/senoticias.com.br\/se\/wp-json\/wp\/v2\/media?parent=136503"}],"wp:term":[{"taxonomy":"category","embeddable":true,"href":"https:\/\/senoticias.com.br\/se\/wp-json\/wp\/v2\/categories?post=136503"},{"taxonomy":"post_tag","embeddable":true,"href":"https:\/\/senoticias.com.br\/se\/wp-json\/wp\/v2\/tags?post=136503"}],"curies":[{"name":"wp","href":"https:\/\/api.w.org\/{rel}","templated":true}]}}