{"id":136485,"date":"2023-03-29T14:15:31","date_gmt":"2023-03-29T17:15:31","guid":{"rendered":"https:\/\/senoticias.com.br\/se\/?p=136485"},"modified":"2023-03-29T14:27:43","modified_gmt":"2023-03-29T17:27:43","slug":"condutor-de-veiculo-nao-habilitado-capota-o-carro-deixa-2-feridos-e-se-recusou-a-fazer-teste-do-etilometro","status":"publish","type":"post","link":"https:\/\/senoticias.com.br\/se\/condutor-de-veiculo-nao-habilitado-capota-o-carro-deixa-2-feridos-e-se-recusou-a-fazer-teste-do-etilometro\/","title":{"rendered":"Condutor de ve\u00edculo n\u00e3o habilitado capota o carro, deixa 2 feridos e se recusou a fazer teste do etil\u00f4metro"},"content":{"rendered":"\n<p><\/p>\n\n\n\n<p>Um ve\u00edculo de passeio capotou na madrugada desta quarta-feira (29), e deixou duas pessoas feridas. As duas passageiras foram atendidas pelo Servi\u00e7o de Atendimento M\u00f3vel de Urg\u00eancia (Samu) e levadas a um hospital.<\/p>\n\n\n\n<figure class=\"wp-block-image size-large\"><img loading=\"lazy\" decoding=\"async\" width=\"1024\" height=\"472\" src=\"https:\/\/senoticias.com.br\/se\/wp-content\/uploads\/2022\/08\/WhatsApp-Image-2022-08-19-at-13.04.06-1024x472.jpeg\" alt=\"\" class=\"wp-image-133790\"\/><figcaption>Segundo a CPTran, o condutor de ve\u00edculo n\u00e3o era habilitado &#8211; Foto: CPTran\/SE<\/figcaption><\/figure>\n\n\n\n<p>As informa\u00e7\u00f5es passadas pela Companhia de Policiamento de Tr\u00e2nsito (CPTran) s\u00e3o de que o acidente foi registrado na Rua Patrulheiro Fausto El\u00f3i dos Santos, no Bairro Jabotiana, em Aracaju.<\/p>\n\n\n\n<p>Ainda segundo a CPTranm, o condutor n\u00e3o era habilitado e se recusou a fazer teste do etil\u00f4metro para verificar embriaguez ao volante.<\/p>\n\n\n\n<p><em><strong>Acompanhe tamb\u00e9m o SE Not\u00edcias no\u00a0<a rel=\"noreferrer noopener\" href=\"https:\/\/twitter.com\/Senoticias\" target=\"_blank\">Twitter<\/a>,\u00a0<a rel=\"noreferrer noopener\" href=\"https:\/\/www.facebook.com\/senoticias1\" target=\"_blank\">Facebook<\/a>\u00a0e no\u00a0<a rel=\"noreferrer noopener\" href=\"https:\/\/www.instagram.com\/senoticias\/\" target=\"_blank\">Instagram<\/a><\/strong><\/em><\/p>\n\n\n\n<p>Fonte: ascom\/PM\/SE<\/p>\n","protected":false},"excerpt":{"rendered":"<p>Um ve\u00edculo de passeio capotou na madrugada desta quarta-feira (29), e deixou duas pessoas feridas. As duas passageiras foram atendidas pelo Servi\u00e7o de Atendimento M\u00f3vel de Urg\u00eancia (Samu) e levadas a um hospital. As informa\u00e7\u00f5es passadas pela Companhia de Policiamento de Tr\u00e2nsito (CPTran) s\u00e3o de que o acidente foi registrado na Rua Patrulheiro Fausto El\u00f3i [&hellip;]<\/p>\n","protected":false},"author":6557,"featured_media":0,"comment_status":"closed","ping_status":"closed","sticky":false,"template":"","format":"standard","meta":{"footnotes":""},"categories":[15,7,1],"tags":[14609,38581,38580],"class_list":{"0":"post-136485","1":"post","2":"type-post","3":"status-publish","4":"format-standard","6":"category-destaques","7":"category-policia","8":"category-sem-categoria","9":"tag-companhia-de-policiamento-de-transito","10":"tag-condutor-de-veiculo","11":"tag-teste-do-etilometro"},"_links":{"self":[{"href":"https:\/\/senoticias.com.br\/se\/wp-json\/wp\/v2\/posts\/136485"}],"collection":[{"href":"https:\/\/senoticias.com.br\/se\/wp-json\/wp\/v2\/posts"}],"about":[{"href":"https:\/\/senoticias.com.br\/se\/wp-json\/wp\/v2\/types\/post"}],"author":[{"embeddable":true,"href":"https:\/\/senoticias.com.br\/se\/wp-json\/wp\/v2\/users\/6557"}],"replies":[{"embeddable":true,"href":"https:\/\/senoticias.com.br\/se\/wp-json\/wp\/v2\/comments?post=136485"}],"version-history":[{"count":0,"href":"https:\/\/senoticias.com.br\/se\/wp-json\/wp\/v2\/posts\/136485\/revisions"}],"wp:attachment":[{"href":"https:\/\/senoticias.com.br\/se\/wp-json\/wp\/v2\/media?parent=136485"}],"wp:term":[{"taxonomy":"category","embeddable":true,"href":"https:\/\/senoticias.com.br\/se\/wp-json\/wp\/v2\/categories?post=136485"},{"taxonomy":"post_tag","embeddable":true,"href":"https:\/\/senoticias.com.br\/se\/wp-json\/wp\/v2\/tags?post=136485"}],"curies":[{"name":"wp","href":"https:\/\/api.w.org\/{rel}","templated":true}]}}