{"id":136479,"date":"2023-03-28T21:58:04","date_gmt":"2023-03-29T00:58:04","guid":{"rendered":"https:\/\/senoticias.com.br\/se\/?p=136479"},"modified":"2023-03-28T22:05:36","modified_gmt":"2023-03-29T01:05:36","slug":"aracaju-permanece-sem-coleta-de-lixo-nesta-quarta-feira-diz-prefeitura","status":"publish","type":"post","link":"https:\/\/senoticias.com.br\/se\/aracaju-permanece-sem-coleta-de-lixo-nesta-quarta-feira-diz-prefeitura\/","title":{"rendered":"Aracaju permanece sem coleta de lixo nesta quarta-feira, diz prefeitura"},"content":{"rendered":"\n<p>A coleta de lixo continua suspensa em Aracaju nesta quarta-feira (29), a informa\u00e7\u00e3o foi confirmada pela prefeitura da capital. Segundo a gest\u00e3o municipal, diante da interdi\u00e7\u00e3o do aterro sanit\u00e1rio que recebia os res\u00edduos s\u00f3lidos produzidos em Aracaju e em outros munic\u00edpios, n\u00e3o se chegou a uma solu\u00e7\u00e3o para que o descarte correto aconte\u00e7a.<\/p>\n\n\n\n<figure class=\"wp-block-image size-large\"><img loading=\"lazy\" decoding=\"async\" width=\"1024\" height=\"576\" src=\"https:\/\/senoticias.com.br\/se\/wp-content\/uploads\/2016\/03\/lixoparqueeditada2-1024x576.jpg\" alt=\"\" class=\"wp-image-89621\"\/><figcaption>A coleta foi interrompida, depois que o aterro sanit\u00e1rio para onde os res\u00edduos s\u00f3lidos produzidos na capital eram destinados, foi interditado pela Adema &#8211; Foto: SE Not\u00edcias<\/figcaption><\/figure>\n\n\n\n<p>Segundo a prefeitura de Aracaju, 650 toneladas de res\u00edduos da limpeza urbana s\u00e3o recolhidas diariamente. A gest\u00e3o informou que aguarda da Adema orienta\u00e7\u00f5es para a destina\u00e7\u00e3o.<\/p>\n\n\n\n<p>Nesta ter\u00e7a-feira (28) os reflexos da aus\u00eancia de coleta j\u00e1 come\u00e7aram a ser sentidos por moradores da capital e tamb\u00e9m do interior do estado.<\/p>\n\n\n\n<p>A decis\u00e3o do desembargador do TJSE, Ricardo M\u00facio, que provocou a interdi\u00e7\u00e3o, foi tomada no dia 23 de mar\u00e7o, mas foi cumprida nessa segunda-feira (27). Desde maio de 2022, o aterro estava funcionando sob liminar, depois que um parecer t\u00e9cnico da Adema apontou problemas que geram graves danos ao meio ambiente e \u00e0 sa\u00fade da popula\u00e7\u00e3o.<\/p>\n\n\n\n<p><em><strong>Acompanhe tamb\u00e9m o SE Not\u00edcias no&nbsp;<a rel=\"noreferrer noopener\" href=\"https:\/\/twitter.com\/Senoticias\" target=\"_blank\">Twitter<\/a>,&nbsp;<a rel=\"noreferrer noopener\" href=\"https:\/\/www.facebook.com\/senoticias1\" target=\"_blank\">Facebook<\/a>&nbsp;e no&nbsp;<a rel=\"noreferrer noopener\" href=\"https:\/\/www.instagram.com\/senoticias\/\" target=\"_blank\">Instagram<\/a><\/strong><\/em><\/p>\n\n\n\n<p>Fonte: <strong><a href=\"https:\/\/g1.globo.com\/se\/sergipe\/noticia\/2023\/03\/28\/aracaju-permanece-sem-coleta-de-lixo-nesta-quarta-feira-diz-prefeitura.ghtml\">G1<\/a><\/strong> SE<\/p>\n","protected":false},"excerpt":{"rendered":"<p>A coleta de lixo continua suspensa em Aracaju nesta quarta-feira (29), a informa\u00e7\u00e3o foi confirmada pela prefeitura da capital. Segundo a gest\u00e3o municipal, diante da interdi\u00e7\u00e3o do aterro sanit\u00e1rio que recebia os res\u00edduos s\u00f3lidos produzidos em Aracaju e em outros munic\u00edpios, n\u00e3o se chegou a uma solu\u00e7\u00e3o para que o descarte correto aconte\u00e7a. Segundo a [&hellip;]<\/p>\n","protected":false},"author":6557,"featured_media":0,"comment_status":"closed","ping_status":"closed","sticky":false,"template":"","format":"standard","meta":{"footnotes":""},"categories":[15,6],"tags":[3488,9020,4370,38571],"class_list":{"0":"post-136479","1":"post","2":"type-post","3":"status-publish","4":"format-standard","6":"category-destaques","7":"category-politica","8":"tag-adema","9":"tag-aterro-sanitario","10":"tag-coleta-de-lixo","11":"tag-orizon"},"_links":{"self":[{"href":"https:\/\/senoticias.com.br\/se\/wp-json\/wp\/v2\/posts\/136479"}],"collection":[{"href":"https:\/\/senoticias.com.br\/se\/wp-json\/wp\/v2\/posts"}],"about":[{"href":"https:\/\/senoticias.com.br\/se\/wp-json\/wp\/v2\/types\/post"}],"author":[{"embeddable":true,"href":"https:\/\/senoticias.com.br\/se\/wp-json\/wp\/v2\/users\/6557"}],"replies":[{"embeddable":true,"href":"https:\/\/senoticias.com.br\/se\/wp-json\/wp\/v2\/comments?post=136479"}],"version-history":[{"count":0,"href":"https:\/\/senoticias.com.br\/se\/wp-json\/wp\/v2\/posts\/136479\/revisions"}],"wp:attachment":[{"href":"https:\/\/senoticias.com.br\/se\/wp-json\/wp\/v2\/media?parent=136479"}],"wp:term":[{"taxonomy":"category","embeddable":true,"href":"https:\/\/senoticias.com.br\/se\/wp-json\/wp\/v2\/categories?post=136479"},{"taxonomy":"post_tag","embeddable":true,"href":"https:\/\/senoticias.com.br\/se\/wp-json\/wp\/v2\/tags?post=136479"}],"curies":[{"name":"wp","href":"https:\/\/api.w.org\/{rel}","templated":true}]}}