{"id":136469,"date":"2023-03-28T13:55:22","date_gmt":"2023-03-28T16:55:22","guid":{"rendered":"https:\/\/senoticias.com.br\/se\/?p=136469"},"modified":"2023-03-28T14:06:04","modified_gmt":"2023-03-28T17:06:04","slug":"municipios-sergipanos-recebem-retroescavadeiras-destinadas-pelo-senador-rogerio-carvalho","status":"publish","type":"post","link":"https:\/\/senoticias.com.br\/se\/municipios-sergipanos-recebem-retroescavadeiras-destinadas-pelo-senador-rogerio-carvalho\/","title":{"rendered":"Munic\u00edpios sergipanos recebem retroescavadeiras destinadas pelo senador Rog\u00e9rio Carvalho"},"content":{"rendered":"\n<p>Oito munic\u00edpios sergipanos foram beneficiados com o recebimento de retroescavadeiras provenientes de emendas do senador Rog\u00e9rio Carvalho (PT\/SE). Os ve\u00edculos foram adquiridos atrav\u00e9s da Companhia de Desenvolvimento dos Vales do S\u00e3o Francisco e do Parna\u00edba (Codevasf) e ser\u00e3o utilizados em servi\u00e7os de infraestrutura urbana e rural em cidades do interior de Sergipe.<\/p>\n\n\n\n<figure class=\"wp-block-image size-large\"><img loading=\"lazy\" decoding=\"async\" width=\"579\" height=\"434\" src=\"https:\/\/senoticias.com.br\/se\/wp-content\/uploads\/2023\/03\/Rogerio-Carvalho-SE-Noticias-1.jpg\" alt=\"\" class=\"wp-image-136470\" srcset=\"https:\/\/senoticias.com.br\/se\/wp-content\/uploads\/2023\/03\/Rogerio-Carvalho-SE-Noticias-1.jpg 579w, https:\/\/senoticias.com.br\/se\/wp-content\/uploads\/2023\/03\/Rogerio-Carvalho-SE-Noticias-1-300x225.jpg 300w, https:\/\/senoticias.com.br\/se\/wp-content\/uploads\/2023\/03\/Rogerio-Carvalho-SE-Noticias-1-45x35.jpg 45w\" sizes=\"(max-width: 579px) 100vw, 579px\" \/><figcaption>Os ve\u00edculos foram adquiridos atrav\u00e9s da Codevasf &#8211; Foto: Jana\u00edna Santos<\/figcaption><\/figure>\n\n\n\n<p>Ao todo, os ve\u00edculos somam mais de R$ 3,2 milh\u00f5es em investimentos, sendo R$ 409 mil cada. Segundo o senador Rog\u00e9rio, esses equipamentos, que ir\u00e3o contemplar os munic\u00edpios de Cristin\u00e1polis, Maruim, Salgado, Sim\u00e3o Dias, Graccho Cardoso, Aquidab\u00e3, S\u00e3o Francisco e Pacatuba, representam seu &#8220;compromisso com os sergipanos e sergipanas&#8221;. &#8220;As m\u00e1quinas j\u00e1 est\u00e3o a disposi\u00e7\u00e3o dos munic\u00edpios para realizar v\u00e1rios trabalhos essenciais, como recupera\u00e7\u00e3o de estradas vicinais, limpeza de terrenos, aux\u00edlio em obras pontuais, dentre outros servi\u00e7os&#8221;, detalhou.<\/p>\n\n\n\n<p>&#8220;\u00c9 o nosso trabalho mudando a vida dos trabalhadores&#8221;, acrescentou.<\/p>\n\n\n\n<p><strong>Outros benef\u00edcios<br><\/strong><br>Ainda dentro das a\u00e7\u00f5es executadas atrav\u00e9s de emendas do mandato do senador Rog\u00e9rio Carvalho, tamb\u00e9m est\u00e3o previstos para serem entregues este ano kits para casas de farinha, materiais para beneficiamento de frutas, refrigeradores, e novos equipamentos e ve\u00edculos, como colheitadeiras e ensiladeiras, para o fomento da agricultura do estado.<\/p>\n\n\n\n<p>O <strong>1\u00ba Secret\u00e1rio do Senado Federal<\/strong> ainda ressaltou que, at\u00e9 o final do ano de 2023, ser\u00e3o destinados mais R$ 9,18 milh\u00f5es em equipamentos para a Codevasf, chegando a soma de aproximadamente R$ 23,5 milh\u00f5es para beneficiar a agricultura familiar.<\/p>\n\n\n\n<p><em><strong>Acompanhe tamb\u00e9m o SE Not\u00edcias no\u00a0<a rel=\"noreferrer noopener\" href=\"https:\/\/twitter.com\/Senoticias\" target=\"_blank\">Twitter<\/a>,\u00a0<a rel=\"noreferrer noopener\" href=\"https:\/\/www.facebook.com\/senoticias1\" target=\"_blank\">Facebook<\/a>\u00a0e no\u00a0<a rel=\"noreferrer noopener\" href=\"https:\/\/www.instagram.com\/senoticias\/\" target=\"_blank\">Instagram<\/a><\/strong><\/em><\/p>\n\n\n\n<p>Fonte: Assessoria de Comunica\u00e7\u00e3o<\/p>\n","protected":false},"excerpt":{"rendered":"<p>Oito munic\u00edpios sergipanos foram beneficiados com o recebimento de retroescavadeiras provenientes de emendas do senador Rog\u00e9rio Carvalho (PT\/SE). Os ve\u00edculos foram adquiridos atrav\u00e9s da Companhia de Desenvolvimento dos Vales do S\u00e3o Francisco e do Parna\u00edba (Codevasf) e ser\u00e3o utilizados em servi\u00e7os de infraestrutura urbana e rural em cidades do interior de Sergipe. Ao todo, os [&hellip;]<\/p>\n","protected":false},"author":6557,"featured_media":0,"comment_status":"closed","ping_status":"closed","sticky":false,"template":"","format":"standard","meta":{"footnotes":""},"categories":[15,6,1],"tags":[1652,3461,12855],"class_list":{"0":"post-136469","1":"post","2":"type-post","3":"status-publish","4":"format-standard","6":"category-destaques","7":"category-politica","8":"category-sem-categoria","9":"tag-codevasf","10":"tag-rogerio-carvalho","11":"tag-senador-rogerio-carvalho"},"_links":{"self":[{"href":"https:\/\/senoticias.com.br\/se\/wp-json\/wp\/v2\/posts\/136469"}],"collection":[{"href":"https:\/\/senoticias.com.br\/se\/wp-json\/wp\/v2\/posts"}],"about":[{"href":"https:\/\/senoticias.com.br\/se\/wp-json\/wp\/v2\/types\/post"}],"author":[{"embeddable":true,"href":"https:\/\/senoticias.com.br\/se\/wp-json\/wp\/v2\/users\/6557"}],"replies":[{"embeddable":true,"href":"https:\/\/senoticias.com.br\/se\/wp-json\/wp\/v2\/comments?post=136469"}],"version-history":[{"count":0,"href":"https:\/\/senoticias.com.br\/se\/wp-json\/wp\/v2\/posts\/136469\/revisions"}],"wp:attachment":[{"href":"https:\/\/senoticias.com.br\/se\/wp-json\/wp\/v2\/media?parent=136469"}],"wp:term":[{"taxonomy":"category","embeddable":true,"href":"https:\/\/senoticias.com.br\/se\/wp-json\/wp\/v2\/categories?post=136469"},{"taxonomy":"post_tag","embeddable":true,"href":"https:\/\/senoticias.com.br\/se\/wp-json\/wp\/v2\/tags?post=136469"}],"curies":[{"name":"wp","href":"https:\/\/api.w.org\/{rel}","templated":true}]}}