{"id":136437,"date":"2023-03-26T19:24:15","date_gmt":"2023-03-26T22:24:15","guid":{"rendered":"https:\/\/senoticias.com.br\/se\/?p=136437"},"modified":"2023-03-26T20:15:20","modified_gmt":"2023-03-26T23:15:20","slug":"enfermeiro-do-hospital-de-urgencias-de-sergipe-retornara-para-apoio-humanitario-aos-yanomami","status":"publish","type":"post","link":"https:\/\/senoticias.com.br\/se\/enfermeiro-do-hospital-de-urgencias-de-sergipe-retornara-para-apoio-humanitario-aos-yanomami\/","title":{"rendered":"Enfermeiro do Hospital de Urg\u00eancias de Sergipe retornar\u00e1 para apoio humanit\u00e1rio aos Yanomami"},"content":{"rendered":"\n<p><\/p>\n\n\n\n<p>O estado de Sergipe ser\u00e1 novamente representado pelo enfermeiro do Hospital de Urg\u00eancias de Sergipe Governador Jo\u00e3o Alves Filho (Huse), Marcos Fonseca, que retorna nesta segunda-feira, 27, para o apoio humanit\u00e1rio aos ind\u00edgenas Yanomami, que sofrem com problemas de sa\u00fade p\u00fablica como a desnutri\u00e7\u00e3o severa e mal\u00e1ria em Roraima (RR). Na \u00faltima miss\u00e3o, o profissional ficou no territ\u00f3rio por cerca de dez dias.<\/p>\n\n\n\n<figure class=\"wp-block-image size-large\"><img loading=\"lazy\" decoding=\"async\" width=\"599\" height=\"686\" src=\"https:\/\/senoticias.com.br\/se\/wp-content\/uploads\/2023\/03\/Marcos-Fonseca-SE-Noticias.jpg\" alt=\"\" class=\"wp-image-136439\" srcset=\"https:\/\/senoticias.com.br\/se\/wp-content\/uploads\/2023\/03\/Marcos-Fonseca-SE-Noticias.jpg 599w, https:\/\/senoticias.com.br\/se\/wp-content\/uploads\/2023\/03\/Marcos-Fonseca-SE-Noticias-262x300.jpg 262w\" sizes=\"(max-width: 599px) 100vw, 599px\" \/><figcaption>Marcos Fonseca atuou como volunt\u00e1rio da equipe da For\u00e7a Nacional do SUS, convocada para a emerg\u00eancia em sa\u00fade p\u00fablica nas terras dos Yanomami &#8211; Foto: Instagram<\/figcaption><\/figure>\n\n\n\n<p>Segundo o enfermeiro, a experi\u00eancia foi de muito aprendizado em poder ajudar os ind\u00edgenas que estavam em situa\u00e7\u00e3o de vulnerabilidade. \u201cEncontramos v\u00e1rias comunidades doentes com doen\u00e7as end\u00eamicas da regi\u00e3o como a mal\u00e1ria e a desnutri\u00e7\u00e3o grave de pessoas que n\u00e3o se alimentavam h\u00e1 mais de 24h. Casos de diarreia, traumas, queixas respirat\u00f3rias, crian\u00e7as com verminoses s\u00e3o algumas situa\u00e7\u00f5es que presenciei na minha primeira ida ao territ\u00f3rio\u201d, relatou Marcos.<\/p>\n\n\n\n<p>Essa vai ser a <strong>quinta miss\u00e3o do profissional<\/strong>, que <strong>j\u00e1 atuou pela For\u00e7a nas enchentes do Acre<\/strong>, <strong>imigra\u00e7\u00e3o dos haitianos e a Copa das Confedera\u00e7\u00f5es<\/strong>. \u201cSei que alguns territ\u00f3rios que n\u00e3o foram visitados pela <strong>For\u00e7a Nacional do SUS <\/strong>est\u00e3o inclu\u00eddos na programa\u00e7\u00e3o dessa nova equipe e \u00e9 muito gratificante poder fazer parte desta miss\u00e3o que tem car\u00e1ter humanit\u00e1rio. \u00c9 dif\u00edcil mensurar a import\u00e2ncia e representativa que este apoio tem\u201d, contou.<\/p>\n\n\n\n<p>\u201cTivemos algumas dificuldades como n\u00e3o saber o que ir\u00edamos encontrar. Al\u00e9m disso, fomos para uma \u00e1rea que t\u00ednhamos energia somente por parte do dia, sendo que outras equipes n\u00e3o possu\u00edam energia durante a noite. Realizamos tamb\u00e9m alguns improvisos devido a falta de recursos tecnol\u00f3gicos apropriados, mas que apesar das adversidades conseguimos dar suporte \u00e0s pessoas\u201d, expressou.<\/p>\n\n\n\n<p><em><strong>Acompanhe tamb\u00e9m o SE Not\u00edcias no\u00a0<a rel=\"noreferrer noopener\" href=\"https:\/\/twitter.com\/Senoticias\" target=\"_blank\">Twitter<\/a>,\u00a0<a rel=\"noreferrer noopener\" href=\"https:\/\/www.facebook.com\/senoticias1\" target=\"_blank\">Facebook<\/a>\u00a0e no\u00a0<a rel=\"noreferrer noopener\" href=\"https:\/\/www.instagram.com\/senoticias\/\" target=\"_blank\">Instagram<\/a><\/strong><\/em><\/p>\n\n\n\n<p>Fonte: ascom\/Secretaria de Estado da Sa\u00fade<\/p>\n","protected":false},"excerpt":{"rendered":"<p>O estado de Sergipe ser\u00e1 novamente representado pelo enfermeiro do Hospital de Urg\u00eancias de Sergipe Governador Jo\u00e3o Alves Filho (Huse), Marcos Fonseca, que retorna nesta segunda-feira, 27, para o apoio humanit\u00e1rio aos ind\u00edgenas Yanomami, que sofrem com problemas de sa\u00fade p\u00fablica como a desnutri\u00e7\u00e3o severa e mal\u00e1ria em Roraima (RR). Na \u00faltima miss\u00e3o, o profissional [&hellip;]<\/p>\n","protected":false},"author":6557,"featured_media":0,"comment_status":"closed","ping_status":"closed","sticky":false,"template":"","format":"standard","meta":{"footnotes":""},"categories":[15,6,1],"tags":[38556,38555,38557,9864,38558,38102],"class_list":{"0":"post-136437","1":"post","2":"type-post","3":"status-publish","4":"format-standard","6":"category-destaques","7":"category-politica","8":"category-sem-categoria","9":"tag-apoio-humanitario","10":"tag-enfermeiro-marcos-fonseca","11":"tag-forca-nacional-do-sus","12":"tag-hospital-de-urgencias-de-sergipe","13":"tag-indigenas-yanomami","14":"tag-yanomami"},"_links":{"self":[{"href":"https:\/\/senoticias.com.br\/se\/wp-json\/wp\/v2\/posts\/136437"}],"collection":[{"href":"https:\/\/senoticias.com.br\/se\/wp-json\/wp\/v2\/posts"}],"about":[{"href":"https:\/\/senoticias.com.br\/se\/wp-json\/wp\/v2\/types\/post"}],"author":[{"embeddable":true,"href":"https:\/\/senoticias.com.br\/se\/wp-json\/wp\/v2\/users\/6557"}],"replies":[{"embeddable":true,"href":"https:\/\/senoticias.com.br\/se\/wp-json\/wp\/v2\/comments?post=136437"}],"version-history":[{"count":0,"href":"https:\/\/senoticias.com.br\/se\/wp-json\/wp\/v2\/posts\/136437\/revisions"}],"wp:attachment":[{"href":"https:\/\/senoticias.com.br\/se\/wp-json\/wp\/v2\/media?parent=136437"}],"wp:term":[{"taxonomy":"category","embeddable":true,"href":"https:\/\/senoticias.com.br\/se\/wp-json\/wp\/v2\/categories?post=136437"},{"taxonomy":"post_tag","embeddable":true,"href":"https:\/\/senoticias.com.br\/se\/wp-json\/wp\/v2\/tags?post=136437"}],"curies":[{"name":"wp","href":"https:\/\/api.w.org\/{rel}","templated":true}]}}