{"id":136434,"date":"2023-03-26T18:05:24","date_gmt":"2023-03-26T21:05:24","guid":{"rendered":"https:\/\/senoticias.com.br\/se\/?p=136434"},"modified":"2023-03-26T18:33:03","modified_gmt":"2023-03-26T21:33:03","slug":"miss-paraibana-morre-apos-pular-de-apartamento-em-chamas-em-sao-paulo","status":"publish","type":"post","link":"https:\/\/senoticias.com.br\/se\/miss-paraibana-morre-apos-pular-de-apartamento-em-chamas-em-sao-paulo\/","title":{"rendered":"Miss paraibana morre ap\u00f3s pular de apartamento em chamas em S\u00e3o Paulo"},"content":{"rendered":"\n<p><\/p>\n\n\n\n<figure class=\"wp-block-image size-large\"><img loading=\"lazy\" decoding=\"async\" width=\"599\" height=\"460\" src=\"https:\/\/senoticias.com.br\/se\/wp-content\/uploads\/2023\/03\/Miss-Paraiba-SE-Noticias.png\" alt=\"\" class=\"wp-image-136436\" srcset=\"https:\/\/senoticias.com.br\/se\/wp-content\/uploads\/2023\/03\/Miss-Paraiba-SE-Noticias.png 599w, https:\/\/senoticias.com.br\/se\/wp-content\/uploads\/2023\/03\/Miss-Paraiba-SE-Noticias-300x230.png 300w, https:\/\/senoticias.com.br\/se\/wp-content\/uploads\/2023\/03\/Miss-Paraiba-SE-Noticias-45x35.png 45w\" sizes=\"(max-width: 599px) 100vw, 599px\" \/><figcaption>Miss Sert\u00e3o Paraibano Maya Nit\u00e3o ser\u00e1 velada em Jo\u00e3o Pessoa &#8211; Foto: Reprodu\u00e7\u00e3o\/Instagram<\/figcaption><\/figure>\n\n\n\n<p>A jovem de 26 anos que morreu ap\u00f3s cair do 6\u00aa andar de um pr\u00e9dio para escapar de um inc\u00eandio na Zona Sul de S\u00e3o Paulo, no s\u00e1bado (25), era a paraibana Mayara Ingrid Silva Nit\u00e3o, conhecida como Maya Nit\u00e3o. Natural de Campina Grande e filha de um empres\u00e1rio de Itaporanga, no Sert\u00e3o do estado, a modelo foi eleita a primeira Miss Sert\u00e3o Paraibano CNB, ap\u00f3s ser coroada em janeiro deste ano.<\/p>\n\n\n\n<p>O inc\u00eandio aconteceu no apartamento em que ela estava com o irm\u00e3o, de 23 anos. Maya chegou a ser socorrida por um carro do Corpo de Bombeiros, e levada para o Hospital das Cl\u00ednicas de S\u00e3o Paulo, em estado grave, mas n\u00e3o resistiu. O irm\u00e3o dela inalou fuma\u00e7a e tamb\u00e9m foi socorrido pelos Bombeiros, sendo levado para o Hospital Benefic\u00eancia Portuguesa, onde segue internado at\u00e9 este domingo (26).<\/p>\n\n\n\n<p>Maya era filha de C\u00e9sar Nit\u00e3o, que al\u00e9m de empres\u00e1rio \u00e9 jornalista. Nas redes sociais, ele fez uma s\u00e9rie de postagens de despedida. C\u00e9sar viajou a S\u00e3o Paulo ainda na noite do s\u00e1bado, e confirmou ao<strong> g1 que a filha<\/strong> era a v\u00edtima do inc\u00eandio.<\/p>\n\n\n\n<p>A modelo morava em S\u00e3o Paulo h\u00e1 oito anos, e dividia o apartamento com o irm\u00e3o, de 23 anos, que \u00e9 diretor de um cursinho para concursos. <strong>O jovem tem previs\u00e3o de alta para este domingo, e o vel\u00f3rio de Maya est\u00e1 previsto para a ter\u00e7a-feira (28).<\/strong><\/p>\n\n\n\n<p>Pelas redes sociais, o perfil oficial do Concurso Nacional de Beleza (CNB) Miss Brasil expressou pesar pela morte da modelo.<\/p>\n\n\n\n<p>&#8220;Era uma jovem entusiasmada e cheia de vida, sempre muito atenciosa e ansiosa pelo momento de concorrer ao t\u00edtulo de Miss Brasil Mundo. Oramos pela recupera\u00e7\u00e3o do seu irm\u00e3o e expressamos nosso mais profundo pesar a todos os seus familiares, amigos e f\u00e3s&#8221;, diz a postagem.<\/p>\n\n\n\n<p>Maya Nit\u00e3o era veterana em concursos de beleza, competindo desde 2019 e vencendo nove t\u00edtulos. Ela se preparava para representar o estado na 63\u00aa Miss Brasil Mundo CNB, prevista para acontecer este ano.<\/p>\n\n\n\n<p>As causas do inc\u00eandio ainda devem ser apuradas pelo Corpo de Bombeiros.<\/p>\n\n\n\n<p><em><strong>Acompanhe tamb\u00e9m o SE Not\u00edcias no\u00a0<a rel=\"noreferrer noopener\" href=\"https:\/\/twitter.com\/Senoticias\" target=\"_blank\">Twitter<\/a>,\u00a0<a rel=\"noreferrer noopener\" href=\"https:\/\/www.facebook.com\/senoticias1\" target=\"_blank\">Facebook<\/a>\u00a0e no\u00a0<a rel=\"noreferrer noopener\" href=\"https:\/\/www.instagram.com\/senoticias\/\" target=\"_blank\">Instagram<\/a><\/strong><\/em><br><br>Fonte: <strong><a href=\"https:\/\/g1.globo.com\/pb\/paraiba\/noticia\/2023\/03\/26\/mulher-que-morreu-apos-pular-do-6o-andar-durante-incendio-em-sp-foi-miss-na-paraiba.ghtml\">G1<\/a><\/strong>\/Para\u00edba<\/p>\n","protected":false},"excerpt":{"rendered":"<p>A jovem de 26 anos que morreu ap\u00f3s cair do 6\u00aa andar de um pr\u00e9dio para escapar de um inc\u00eandio na Zona Sul de S\u00e3o Paulo, no s\u00e1bado (25), era a paraibana Mayara Ingrid Silva Nit\u00e3o, conhecida como Maya Nit\u00e3o. Natural de Campina Grande e filha de um empres\u00e1rio de Itaporanga, no Sert\u00e3o do estado, [&hellip;]<\/p>\n","protected":false},"author":6557,"featured_media":0,"comment_status":"closed","ping_status":"closed","sticky":false,"template":"","format":"standard","meta":{"footnotes":""},"categories":[15,2961,1],"tags":[38553,38554,38551,38552],"class_list":{"0":"post-136434","1":"post","2":"type-post","3":"status-publish","4":"format-standard","6":"category-destaques","7":"category-nacional","8":"category-sem-categoria","9":"tag-fogo-em-apartamento","10":"tag-maya-nitao","11":"tag-miss-paraiba","12":"tag-miss-paraibana-morre"},"_links":{"self":[{"href":"https:\/\/senoticias.com.br\/se\/wp-json\/wp\/v2\/posts\/136434"}],"collection":[{"href":"https:\/\/senoticias.com.br\/se\/wp-json\/wp\/v2\/posts"}],"about":[{"href":"https:\/\/senoticias.com.br\/se\/wp-json\/wp\/v2\/types\/post"}],"author":[{"embeddable":true,"href":"https:\/\/senoticias.com.br\/se\/wp-json\/wp\/v2\/users\/6557"}],"replies":[{"embeddable":true,"href":"https:\/\/senoticias.com.br\/se\/wp-json\/wp\/v2\/comments?post=136434"}],"version-history":[{"count":0,"href":"https:\/\/senoticias.com.br\/se\/wp-json\/wp\/v2\/posts\/136434\/revisions"}],"wp:attachment":[{"href":"https:\/\/senoticias.com.br\/se\/wp-json\/wp\/v2\/media?parent=136434"}],"wp:term":[{"taxonomy":"category","embeddable":true,"href":"https:\/\/senoticias.com.br\/se\/wp-json\/wp\/v2\/categories?post=136434"},{"taxonomy":"post_tag","embeddable":true,"href":"https:\/\/senoticias.com.br\/se\/wp-json\/wp\/v2\/tags?post=136434"}],"curies":[{"name":"wp","href":"https:\/\/api.w.org\/{rel}","templated":true}]}}