{"id":136413,"date":"2023-03-24T12:42:28","date_gmt":"2023-03-24T15:42:28","guid":{"rendered":"https:\/\/senoticias.com.br\/se\/?p=136413"},"modified":"2023-03-24T12:42:35","modified_gmt":"2023-03-24T15:42:35","slug":"homem-e-adolescente-sao-mortos-a-tiros-na-calcada-de-casa-em-aracaju","status":"publish","type":"post","link":"https:\/\/senoticias.com.br\/se\/homem-e-adolescente-sao-mortos-a-tiros-na-calcada-de-casa-em-aracaju\/","title":{"rendered":"Homem e adolescente s\u00e3o mortos a tiros na cal\u00e7ada de casa em Aracaju"},"content":{"rendered":"\n<p>Dois homens, sendo um ex-presidi\u00e1rio e outro adolescente, foram mortos a tiros no Bairro Jap\u00e3ozinho, em Aracaju, nessa quinta-feira (23).<\/p>\n\n\n\n<figure class=\"wp-block-image size-large\"><img loading=\"lazy\" decoding=\"async\" width=\"460\" height=\"209\" src=\"https:\/\/senoticias.com.br\/se\/wp-content\/uploads\/2023\/03\/policia-senoticias-2.jpg\" alt=\"\" class=\"wp-image-136414\" srcset=\"https:\/\/senoticias.com.br\/se\/wp-content\/uploads\/2023\/03\/policia-senoticias-2.jpg 460w, https:\/\/senoticias.com.br\/se\/wp-content\/uploads\/2023\/03\/policia-senoticias-2-300x136.jpg 300w\" sizes=\"(max-width: 460px) 100vw, 460px\" \/><figcaption>A informa\u00e7\u00e3o foi confirmada pela Pol\u00edcia Militar. Foto: Reprodu\u00e7\u00e3o.\n<\/figcaption><\/figure>\n\n\n\n<p>Segundo a Pol\u00edcia Militar, eles estavam sentados na cal\u00e7ada de uma casa quando foram baleados por dois homens de moto e n\u00e3o resistiram aos ferimentos. O Servi\u00e7o de Atendimento M\u00f3vel de Urg\u00eancia (Samu) foi acionado para prestar socorro, mas constatou os \u00f3bitos.<\/p>\n\n\n\n<p>O caso est\u00e1 sendo investigado pelo Departamento de Homic\u00eddios e Prote\u00e7\u00e3o \u00e0 Pessoa (DHPP). Informa\u00e7\u00f5es relacionadas \u00e0 autoria do crime podem ser repassadas atrav\u00e9s do Disque-Den\u00fancia (181).<\/p>\n\n\n\n<p><em><strong>Acompanhe tamb\u00e9m o SE Not\u00edcias no&nbsp;<a rel=\"noreferrer noopener\" href=\"https:\/\/twitter.com\/Senoticias\" target=\"_blank\">Twitter<\/a>,&nbsp;<a rel=\"noreferrer noopener\" href=\"https:\/\/www.facebook.com\/senoticias1\" target=\"_blank\">Facebook<\/a>&nbsp;e no&nbsp;<a rel=\"noreferrer noopener\" href=\"https:\/\/www.instagram.com\/senoticias\/\" target=\"_blank\">Instagram<\/a><\/strong><\/em><\/p>\n\n\n\n<p>Fonte: A8 SE<\/p>\n","protected":false},"excerpt":{"rendered":"<p>Dois homens, sendo um ex-presidi\u00e1rio e outro adolescente, foram mortos a tiros no Bairro Jap\u00e3ozinho, em Aracaju, nessa quinta-feira (23). Segundo a Pol\u00edcia Militar, eles estavam sentados na cal\u00e7ada de uma casa quando foram baleados por dois homens de moto e n\u00e3o resistiram aos ferimentos. O Servi\u00e7o de Atendimento M\u00f3vel de Urg\u00eancia (Samu) foi acionado [&hellip;]<\/p>\n","protected":false},"author":6557,"featured_media":0,"comment_status":"closed","ping_status":"closed","sticky":false,"template":"","format":"standard","meta":{"footnotes":""},"categories":[15,7],"tags":[37896,373,36876],"class_list":{"0":"post-136413","1":"post","2":"type-post","3":"status-publish","4":"format-standard","6":"category-destaques","7":"category-policia","8":"tag-bairro-japaozinho","9":"tag-morte","10":"tag-policia-militar-2"},"_links":{"self":[{"href":"https:\/\/senoticias.com.br\/se\/wp-json\/wp\/v2\/posts\/136413"}],"collection":[{"href":"https:\/\/senoticias.com.br\/se\/wp-json\/wp\/v2\/posts"}],"about":[{"href":"https:\/\/senoticias.com.br\/se\/wp-json\/wp\/v2\/types\/post"}],"author":[{"embeddable":true,"href":"https:\/\/senoticias.com.br\/se\/wp-json\/wp\/v2\/users\/6557"}],"replies":[{"embeddable":true,"href":"https:\/\/senoticias.com.br\/se\/wp-json\/wp\/v2\/comments?post=136413"}],"version-history":[{"count":0,"href":"https:\/\/senoticias.com.br\/se\/wp-json\/wp\/v2\/posts\/136413\/revisions"}],"wp:attachment":[{"href":"https:\/\/senoticias.com.br\/se\/wp-json\/wp\/v2\/media?parent=136413"}],"wp:term":[{"taxonomy":"category","embeddable":true,"href":"https:\/\/senoticias.com.br\/se\/wp-json\/wp\/v2\/categories?post=136413"},{"taxonomy":"post_tag","embeddable":true,"href":"https:\/\/senoticias.com.br\/se\/wp-json\/wp\/v2\/tags?post=136413"}],"curies":[{"name":"wp","href":"https:\/\/api.w.org\/{rel}","templated":true}]}}