{"id":136411,"date":"2023-03-24T08:32:38","date_gmt":"2023-03-24T11:32:38","guid":{"rendered":"https:\/\/senoticias.com.br\/se\/?p=136411"},"modified":"2023-03-24T08:36:18","modified_gmt":"2023-03-24T11:36:18","slug":"massoterapeuta-com-deficiencia-visual-da-exemplo-ao-retornar-ao-senac-para-se-qualificar","status":"publish","type":"post","link":"https:\/\/senoticias.com.br\/se\/massoterapeuta-com-deficiencia-visual-da-exemplo-ao-retornar-ao-senac-para-se-qualificar\/","title":{"rendered":"Massoterapeuta com defici\u00eancia visual d\u00e1 exemplo ao retornar ao Senac para se qualificar"},"content":{"rendered":"\n<p><\/p>\n\n\n\n<p>Quando estava prestes a completar 28 anos de idade, a massoterapeuta Patr\u00edcia Amaral da Silva teve que ressignificar toda a sua vida. Uma trombose cerebral a deixou cega, quando ainda morava no Rio de Janeiro. Tempos depois, ela resolveu voltar com a fam\u00edlia, o marido e os tr\u00eas filhos, para Sergipe, onde nasceu. Mesmo com a vis\u00e3o subnormal \u2013 ela s\u00f3 percebe luz e vultos -, ela resolveu seguir adiante, continuar trabalhando, cuidando da fam\u00edlia e se qualificando.<\/p>\n\n\n\n<figure class=\"wp-block-image size-large\"><img loading=\"lazy\" decoding=\"async\" width=\"400\" height=\"225\" src=\"https:\/\/senoticias.com.br\/se\/wp-content\/uploads\/2023\/03\/Senac-SE-Noticias.jpg\" alt=\"\" class=\"wp-image-136412\" srcset=\"https:\/\/senoticias.com.br\/se\/wp-content\/uploads\/2023\/03\/Senac-SE-Noticias.jpg 400w, https:\/\/senoticias.com.br\/se\/wp-content\/uploads\/2023\/03\/Senac-SE-Noticias-300x169.jpg 300w\" sizes=\"(max-width: 400px) 100vw, 400px\" \/><figcaption>Egressa do Senac do Rio de Janeiro, Patr\u00edcia completa este ano, no dia 30 de mar\u00e7o, 41 anos de idade &#8211; Foto: ascom\/Senac<\/figcaption><\/figure>\n\n\n\n<p>Egressa do Senac do Rio de Janeiro, Patr\u00edcia completa este ano, no dia 30 de mar\u00e7o, 41 anos de idade. Hoje reside em Lagarto, onde trabalha com massoterapia e resolveu voltar \u00e0 sala de aula, na unidade do Senac de Aracaju.<\/p>\n\n\n\n<p>\u201cJ\u00e1 fiz alguns cursos particulares em Lagarto e soube que ia ter esse de massagem chinesa no Senac, em Aracaju. Resolvi me inscrever e fui muito bem acolhida por todos. Quando cheguei no primeiro dia, entrei pela Avenida Ivo do Prado, que n\u00e3o \u00e9 a entrada da escola, mas fui muito bem recebida pelo seguran\u00e7a e logo depois pela S\u00edlvia. Me senti coberta de carinho que a minha situa\u00e7\u00e3o de deficiente visual necessita, pela equipe pedag\u00f3gica, pelo instrutor Guerra, que fez os alunos do curso encararem com naturalidade a minha presen\u00e7a e pelos meus colegas, que entenderam que tenho capacidade\u201d, ressaltou.<\/p>\n\n\n\n<p>A psic\u00f3loga do N\u00facleo de Promo\u00e7\u00e3o Social e Rela\u00e7\u00f5es com Egressos (NPRE) do Senac\/SE, S\u00edlvia Concei\u00e7\u00e3o ressalta que a institui\u00e7\u00e3o busca atender cada aluno com sua singularidade.<\/p>\n\n\n\n<p>\u201cTemos um programa de acessibilidade que vai muito al\u00e9m das quest\u00f5es arquitet\u00f4nicas. S\u00e3o diversas a\u00e7\u00f5es que possibilitam o acesso e acolhimento de todos que buscam a educa\u00e7\u00e3o inclusiva. Essas a\u00e7\u00f5es s\u00e3o evidenciadas desde o ato da matr\u00edcula, passando pelos benef\u00edcios oferecidos aos PCDs, quais recursos cada um deles precisar\u00e1 para que tenha uma excelente aprendizagem e aproveitamento do curso\u201d.<\/p>\n\n\n\n<p>Com experi\u00eancia de cerca de uma d\u00e9cada com o p\u00fablico que possui baixa vis\u00e3o, o instrutor Willian Guerra conduziu as aulas do curso com muita naturalidade.<\/p>\n\n\n\n<p>\u201cAssim que ela chegou, fiz as apresenta\u00e7\u00f5es e relatei a defici\u00eancia de Patr\u00edcia, deixando claro para todos que alunos com ela s\u00e3o normais como n\u00f3s, s\u00f3 enxergam de forma diferente. Todos a receberam bem, entenderam que ela precisava receber as demonstra\u00e7\u00f5es, os toques primeiro nela, para que percebesse e aprendesse as t\u00e9cnicas. Ser comunicativa e gostar de fazer amizades ajudou na rela\u00e7\u00e3o com todos da turma\u201d.<\/p>\n\n\n\n<p>Para Patr\u00edcia, o Senac \u00e9 uma institui\u00e7\u00e3o refer\u00eancia em todo o Brasil, pela excel\u00eancia dos cursos que oferta, onde ela fez inclusive o curso t\u00e9cnico de n\u00edvel m\u00e9dio, no Rio de Janeiro.<\/p>\n\n\n\n<p>\u201cFiz o ensino m\u00e9dio t\u00e9cnico quando eu era adolescente, em 1996 e as minhas refer\u00eancias do Senac sempre foram as melhores poss\u00edveis. Me formei no ensino m\u00e9dio e anos depois, j\u00e1 deficiente visual, em 2009, resolvi fazer o Enem, porque at\u00e9 ent\u00e3o eu n\u00e3o tinha feito o ensino superior. Apesar de ter mais de 10 anos sem estudar, fiz o Enem e obtive uma pontua\u00e7\u00e3o de 728 e tirei 920 na minha reda\u00e7\u00e3o. Esse bom resultado, eu associo ao que aprendi e a boa base que tive no Senac\u201d.<\/p>\n\n\n\n<p>Foi essa confian\u00e7a na institui\u00e7\u00e3o e nas capacita\u00e7\u00f5es que ofereceu que fez Patr\u00edcia decidir retornar ao Senac.<\/p>\n\n\n\n<p>\u201cSempre tive a certeza de que o Senac \u00e9 uma institui\u00e7\u00e3o que passa credibilidade, onde os alunos adquirem uma boa forma\u00e7\u00e3o. E fui muito bem recebida. Os colegas do curso entenderam que eu precisava ser a primeira a receber as massagens, porque sentiria as manobras para depois aplic\u00e1-las nelas de volta. Me senti super bem com todos e como sou tagarela, foi f\u00e1cil nos entendermos\u201d.<\/p>\n\n\n\n<p>A enfermeira Josiane Melo do Prado confirma que a conviv\u00eancia com Patr\u00edcia durante as horas de curso foi uma experi\u00eancia bastante positiva.<\/p>\n\n\n\n<p>\u201cA conviv\u00eancia foi bastante enriquecedora, pois foi a primeira vez que tive contato com uma pessoa com defici\u00eancia visual, dentro da sala de aula. Fiz amizade com Patr\u00edcia e todos da turma buscaram ajudar ela da melhor forma. E foi muito bom porque nos mostrou que pessoas com alguma defici\u00eancia podem fazer cursos e ter uma vida profissional ativa\u201d.<\/p>\n\n\n\n<p>Com um olhar humanizado, o curso de massagem chinesa atraiu Patr\u00edcia por ser uma terapia de cuidado.<\/p>\n\n\n\n<p>\u201cDentro da massoterapia, temos v\u00e1rias ramifica\u00e7\u00f5es, a exemplo das massagens est\u00e9ticas, as drenagens linf\u00e1ticas, que j\u00e1 tenho o conhecimento e as t\u00e9cnicas. Mas dentro da massoterapia, eu me sinto identificada \u00e9 a terapia de cuidado, que \u00e9 o que a massagem chinesa oferece. \u00c9 tratar o sintoma junto com o paciente, tratar o indiv\u00edduo por completo, o que est\u00e1 causando o desequil\u00edbrio energ\u00e9tico dele. E a partir desse diagn\u00f3stico, podemos sugerir as t\u00e9cnicas para eliminar o problema\u201d.<\/p>\n\n\n\n<p><strong>Ressignificar sempre<\/strong><\/p>\n\n\n\n<p>A cada dia, Patr\u00edcia tenta ressignificar a vida, com alegria e cercada pelo carinho do marido e dos filhos, inclusive a mais nova que n\u00e3o chegou a ver.<\/p>\n\n\n\n<p>\u201cImagino a fisionomia da minha filha pela mem\u00f3ria que tenho do meu filho mais velho, Miguel, pois todos dizem que ela parece muito com ele\u201d, relata Patr\u00edcia, que ap\u00f3s a cegueira engravidou duas vezes, de duas meninas. \u201cJ\u00e1 tinha os meninos, Miguel e Maur\u00edcio e depois de tudo que passei, vieram as meninas. A primeira, Maria, eu perdi e a mais nova, Melissa, j\u00e1 est\u00e1 com sete anos. Eles d\u00e3o sentido \u00e0 minha vida, todos os dias. Meu marido, Marcus Paulo e meus filhos me apoiam nas minhas decis\u00f5es, para que eu tenha uma vida ativa, inclusive profissional\u201d.<\/p>\n\n\n\n<p>A gerente do NPRE, Marileide Martins, informa que o Senac, enquanto institui\u00e7\u00e3o de educa\u00e7\u00e3o profissional, assegura a oferta dos cursos para o p\u00fablico PCD.<\/p>\n\n\n\n<p>No primeiro curso de qualifica\u00e7\u00e3o ou oficina, o aluno PCD tem isen\u00e7\u00e3o total. A partir do segundo, tem 50% de desconto. Nos cursos t\u00e9cnicos s\u00f3 pagam a metade do valor total.<\/p>\n\n\n\n<p>\u201cAtrav\u00e9s do programa de acessibilidade, valorizamos as diferen\u00e7as humanas e oportunizamos a forma\u00e7\u00e3o profissional para todos, cumprindo a nossa miss\u00e3o de educar para o trabalho. Ouvir relatos dos nossos alunos, como o de Patr\u00edcia, demonstrando a satisfa\u00e7\u00e3o de participar dos cursos, al\u00e9m de ser gratificante, concretiza um dos objetivos do programa que \u00e9 o direito ao exerc\u00edcio pleno da cidadania. A inser\u00e7\u00e3o desse p\u00fablico nos processos sociais, por meio da qualifica\u00e7\u00e3o profissionalizante, s\u00f3 confirma que oferecemos uma educa\u00e7\u00e3o inclusiva de excel\u00eancia\u201d.<\/p>\n\n\n\n<p><em><strong>Acompanhe tamb\u00e9m o SE Not\u00edcias no\u00a0<a rel=\"noreferrer noopener\" href=\"https:\/\/twitter.com\/Senoticias\" target=\"_blank\">Twitter<\/a>,\u00a0<a rel=\"noreferrer noopener\" href=\"https:\/\/www.facebook.com\/senoticias1\" target=\"_blank\">Facebook<\/a>\u00a0e no\u00a0<a rel=\"noreferrer noopener\" href=\"https:\/\/www.instagram.com\/senoticias\/\" target=\"_blank\">Instagram<\/a><\/strong><\/em><\/p>\n\n\n\n<p>Senac\/SE<\/p>\n","protected":false},"excerpt":{"rendered":"<p>Quando estava prestes a completar 28 anos de idade, a massoterapeuta Patr\u00edcia Amaral da Silva teve que ressignificar toda a sua vida. Uma trombose cerebral a deixou cega, quando ainda morava no Rio de Janeiro. Tempos depois, ela resolveu voltar com a fam\u00edlia, o marido e os tr\u00eas filhos, para Sergipe, onde nasceu. Mesmo com [&hellip;]<\/p>\n","protected":false},"author":6557,"featured_media":0,"comment_status":"closed","ping_status":"closed","sticky":false,"template":"","format":"standard","meta":{"footnotes":""},"categories":[15,8],"tags":[38542,38541,3021],"class_list":{"0":"post-136411","1":"post","2":"type-post","3":"status-publish","4":"format-standard","6":"category-destaques","7":"category-esporte-e-cultura","8":"tag-deficiencia-visual","9":"tag-massoterapeuta","10":"tag-senac"},"_links":{"self":[{"href":"https:\/\/senoticias.com.br\/se\/wp-json\/wp\/v2\/posts\/136411"}],"collection":[{"href":"https:\/\/senoticias.com.br\/se\/wp-json\/wp\/v2\/posts"}],"about":[{"href":"https:\/\/senoticias.com.br\/se\/wp-json\/wp\/v2\/types\/post"}],"author":[{"embeddable":true,"href":"https:\/\/senoticias.com.br\/se\/wp-json\/wp\/v2\/users\/6557"}],"replies":[{"embeddable":true,"href":"https:\/\/senoticias.com.br\/se\/wp-json\/wp\/v2\/comments?post=136411"}],"version-history":[{"count":0,"href":"https:\/\/senoticias.com.br\/se\/wp-json\/wp\/v2\/posts\/136411\/revisions"}],"wp:attachment":[{"href":"https:\/\/senoticias.com.br\/se\/wp-json\/wp\/v2\/media?parent=136411"}],"wp:term":[{"taxonomy":"category","embeddable":true,"href":"https:\/\/senoticias.com.br\/se\/wp-json\/wp\/v2\/categories?post=136411"},{"taxonomy":"post_tag","embeddable":true,"href":"https:\/\/senoticias.com.br\/se\/wp-json\/wp\/v2\/tags?post=136411"}],"curies":[{"name":"wp","href":"https:\/\/api.w.org\/{rel}","templated":true}]}}