{"id":136318,"date":"2023-03-17T15:09:30","date_gmt":"2023-03-17T18:09:30","guid":{"rendered":"https:\/\/senoticias.com.br\/se\/?p=136318"},"modified":"2023-03-17T15:12:55","modified_gmt":"2023-03-17T18:12:55","slug":"estudante-denuncia-professores-por-assedio-e-importunacao-sexual-na-universidade-federal-de-sergipe","status":"publish","type":"post","link":"https:\/\/senoticias.com.br\/se\/estudante-denuncia-professores-por-assedio-e-importunacao-sexual-na-universidade-federal-de-sergipe\/","title":{"rendered":"Estudante denuncia professores por ass\u00e9dio e importuna\u00e7\u00e3o sexual na Universidade Federal de Sergipe"},"content":{"rendered":"\n<p>Uma estudante do curso de farm\u00e1cia denunciou professores por pr\u00e1tica de ass\u00e9dio e importuna\u00e7\u00e3o sexual no Campus Lagarto da Universidade Federal de Sergipe. O caso foi relatado atrav\u00e9s das redes sociais.<\/p>\n\n\n\n<p>Nas publica\u00e7\u00f5es, a jovem afirma que, devido aos abusos, est\u00e1 fazendo uso de medica\u00e7\u00e3o antidepressiva e j\u00e1 teve duas tentativas de suic\u00eddio. Os crimes tamb\u00e9m estariam sendo praticados com outras calouras da institui\u00e7\u00e3o.<\/p>\n\n\n\n<figure class=\"wp-block-image size-large\"><img loading=\"lazy\" decoding=\"async\" width=\"594\" height=\"405\" src=\"https:\/\/senoticias.com.br\/se\/wp-content\/uploads\/2023\/03\/UFS-SE-Noticias.png\" alt=\"\" class=\"wp-image-136319\" srcset=\"https:\/\/senoticias.com.br\/se\/wp-content\/uploads\/2023\/03\/UFS-SE-Noticias.png 594w, https:\/\/senoticias.com.br\/se\/wp-content\/uploads\/2023\/03\/UFS-SE-Noticias-300x205.png 300w, https:\/\/senoticias.com.br\/se\/wp-content\/uploads\/2023\/03\/UFS-SE-Noticias-90x60.png 90w, https:\/\/senoticias.com.br\/se\/wp-content\/uploads\/2023\/03\/UFS-SE-Noticias-95x64.png 95w\" sizes=\"(max-width: 594px) 100vw, 594px\" \/><figcaption>O caso foi relatado atrav\u00e9s das redes sociais teria no Campus Lagarto &#8211; Foto: arquivo\/UFS<\/figcaption><\/figure>\n\n\n\n<p>&#8220;Quando fui falar com [o professor assediador] que estava incomodada, a resposta dele foi: &#8216;voc\u00ea n\u00e3o \u00e9 a primeira e n\u00e3o ser\u00e1 a \u00faltima que passa por isso&#8217;. Atualmente eu tenho medo de retornar as aulas. A parte mais dif\u00edcil \u00e9 ter que engolir calada, pois ele tem o poder de me reprovar&#8221;, relata.<\/p>\n\n\n\n<p>Em nota, a assessoria da UFS informou que n\u00e3o compactua com as posturas relatadas e deve apurar o caso para eventual ado\u00e7\u00e3o de medidas cab\u00edveis. &#8220;O campus, por meio da Dire\u00e7\u00e3o Geral, Dire\u00e7\u00e3o Acad\u00eamico Pedag\u00f3gica e chefia do Departamento de Farm\u00e1cia, vai entrar em contato com a aluna para o estabelecimento do di\u00e1logo e esclarecimento sobre os canais adequados para den\u00fancia e apura\u00e7\u00e3o&#8221;, disse.<\/p>\n\n\n\n<p><em><strong>Acompanhe tamb\u00e9m o SE Not\u00edcias no\u00a0<a rel=\"noreferrer noopener\" href=\"https:\/\/twitter.com\/Senoticias\" target=\"_blank\">Twitter<\/a>,\u00a0<a rel=\"noreferrer noopener\" href=\"https:\/\/www.facebook.com\/senoticias1\" target=\"_blank\">Facebook<\/a>\u00a0e no\u00a0<a rel=\"noreferrer noopener\" href=\"https:\/\/www.instagram.com\/senoticias\/\" target=\"_blank\">Instagram<\/a><\/strong><\/em><\/p>\n\n\n\n<p>Fonte: A8SE.com<\/p>\n","protected":false},"excerpt":{"rendered":"<p>Uma estudante do curso de farm\u00e1cia denunciou professores por pr\u00e1tica de ass\u00e9dio e importuna\u00e7\u00e3o sexual no Campus Lagarto da Universidade Federal de Sergipe. O caso foi relatado atrav\u00e9s das redes sociais. Nas publica\u00e7\u00f5es, a jovem afirma que, devido aos abusos, est\u00e1 fazendo uso de medica\u00e7\u00e3o antidepressiva e j\u00e1 teve duas tentativas de suic\u00eddio. Os crimes [&hellip;]<\/p>\n","protected":false},"author":6557,"featured_media":0,"comment_status":"closed","ping_status":"closed","sticky":false,"template":"","format":"standard","meta":{"footnotes":""},"categories":[15,7,1],"tags":[38492,13777,6719],"class_list":{"0":"post-136318","1":"post","2":"type-post","3":"status-publish","4":"format-standard","6":"category-destaques","7":"category-policia","8":"category-sem-categoria","9":"tag-assedio","10":"tag-importunacao-sexual","11":"tag-universidade-federal-de-sergipe"},"_links":{"self":[{"href":"https:\/\/senoticias.com.br\/se\/wp-json\/wp\/v2\/posts\/136318"}],"collection":[{"href":"https:\/\/senoticias.com.br\/se\/wp-json\/wp\/v2\/posts"}],"about":[{"href":"https:\/\/senoticias.com.br\/se\/wp-json\/wp\/v2\/types\/post"}],"author":[{"embeddable":true,"href":"https:\/\/senoticias.com.br\/se\/wp-json\/wp\/v2\/users\/6557"}],"replies":[{"embeddable":true,"href":"https:\/\/senoticias.com.br\/se\/wp-json\/wp\/v2\/comments?post=136318"}],"version-history":[{"count":0,"href":"https:\/\/senoticias.com.br\/se\/wp-json\/wp\/v2\/posts\/136318\/revisions"}],"wp:attachment":[{"href":"https:\/\/senoticias.com.br\/se\/wp-json\/wp\/v2\/media?parent=136318"}],"wp:term":[{"taxonomy":"category","embeddable":true,"href":"https:\/\/senoticias.com.br\/se\/wp-json\/wp\/v2\/categories?post=136318"},{"taxonomy":"post_tag","embeddable":true,"href":"https:\/\/senoticias.com.br\/se\/wp-json\/wp\/v2\/tags?post=136318"}],"curies":[{"name":"wp","href":"https:\/\/api.w.org\/{rel}","templated":true}]}}