{"id":136314,"date":"2023-03-17T12:14:50","date_gmt":"2023-03-17T15:14:50","guid":{"rendered":"https:\/\/senoticias.com.br\/se\/?p=136314"},"modified":"2023-03-22T12:56:02","modified_gmt":"2023-03-22T15:56:02","slug":"aracaju-168-anos-os-encantos-de-uma-capital-de-praias-de-agua-morna-e-clima-ameno","status":"publish","type":"post","link":"https:\/\/senoticias.com.br\/se\/aracaju-168-anos-os-encantos-de-uma-capital-de-praias-de-agua-morna-e-clima-ameno\/","title":{"rendered":"Aracaju 168 anos: os encantos de uma capital de praias de \u00e1gua morna e clima ameno"},"content":{"rendered":"\n<p>Um povoado de pescadores que virou cidade pela necessidade do Estado de Sergipe ter uma capital com um porto pr\u00f3ximo, para a exporta\u00e7\u00e3o de a\u00e7\u00facar e algod\u00e3o, principais produtos agr\u00edcolas da regi\u00e3o na \u00e9poca. Assim, em 17 de mar\u00e7o de 1855 nascia Aracaju, banhada pelas \u00e1guas dos rios Sergipe e Poxim, e pelo Oceano Atl\u00e2ntico.<\/p>\n\n\n\n<figure class=\"wp-block-image size-large\"><img loading=\"lazy\" decoding=\"async\" width=\"588\" height=\"336\" src=\"https:\/\/senoticias.com.br\/se\/wp-content\/uploads\/2023\/03\/WhatsApp-Image-2023-03-17-at-10.19.40.jpeg\" alt=\"\" class=\"wp-image-136315\" srcset=\"https:\/\/senoticias.com.br\/se\/wp-content\/uploads\/2023\/03\/WhatsApp-Image-2023-03-17-at-10.19.40.jpeg 588w, https:\/\/senoticias.com.br\/se\/wp-content\/uploads\/2023\/03\/WhatsApp-Image-2023-03-17-at-10.19.40-300x171.jpeg 300w\" sizes=\"(max-width: 588px) 100vw, 588px\" \/><figcaption>Fazer caminhada pelas areias das praias de Aracaju \u00e9 o lazer predileto de Felipa Edite, uma paranaense, que relembra como veio para Sergipe.<\/figcaption><\/figure>\n\n\n\n<p>A atual capital sergipana foi fundada pelo ent\u00e3o presidente da prov\u00edncia de Sergipe, In\u00e1cio Joaquim Barbosa, que sentiu que o Estado necessitava de um porto mais pr\u00f3ximo do mar, uma vez que o Rio Vaza Barris, que banhava a antiga capital S\u00e3o Crist\u00f3v\u00e3o, estava sofrendo assoreamento, o que impedia de embarca\u00e7\u00f5es maiores chegarem at\u00e9 l\u00e1.<\/p>\n\n\n\n<p>Desde ent\u00e3o, Aracaju cresceu e se desenvolveu, tornando-se um importante centro econ\u00f4mico, cultural e tur\u00edstico da regi\u00e3o Nordeste brasileira. Quem decide morar na cidade, se apaixona pelo tra\u00e7ado das suas ruas, pelo clima sempre ameno, pelo Rio Sergipe que margeia boa parte da cidade, pela extensa orla, cujas praias possuem \u00e1gua morna.<\/p>\n\n\n\n<p><br>\u201cNasci em Foz do Igua\u00e7u e me mudei muito nova, com minha fam\u00edlia, para S\u00e3o Paulo. A primeira vez que vim para Aracaju passei cinco anos. Aqui, entrei no Senac para ministrar aulas. Voltei para S\u00e3o Paulo, mas minha filha mais velha ficou aqui e me influenciou a retornar para Sergipe. Amo Aracaju, onde fixei resid\u00eancia definitiva h\u00e1 seis anos e de onde n\u00e3o pretendo sair. Gosto muito de ir \u00e0s praias, principalmente para caminhar\u201d, declarou Felipa Edite, l\u00edder do eixo de beleza do Senac.<br>Aracaju possui v\u00e1rios apelidos, como &#8220;Arajuba&#8221; &#8211; combina\u00e7\u00e3o das palavras &#8220;Aracaju&#8221; e &#8220;ajuba&#8221;, que significa &#8220;p\u00e1ssaro&#8221; em tupi-guarani; &#8220;Cidade Jardim&#8221;; &#8220;Sergipeira&#8221; \u2013 por ser capital de Sergipe; &#8220;A Terra da Gente Sergipana&#8221;, mas com certeza os mais conhecidos s\u00e3o &#8220;A capital do Forr\u00f3\u201d e a \u201cTerra do Caranguejo\u201d.<\/p>\n\n\n\n<p>O crust\u00e1ceo \u00e9 t\u00e3o apreciado na cidade que ganhou um local que virou point tur\u00edstico e de quem mora na cidade.<br>\u201cA Passarela do Caranguejo \u00e9 um dos meus locais favoritos em Aracaju, onde moro h\u00e1 quatro anos. Sou natural de Salvador, j\u00e1 morei em outros estados e me mudei para c\u00e1 por conta do trabalho. Mas hoje s\u00f3 deixaria de morar aqui pelo mesmo motivo que cheguei: trabalho\u201d, afirma o diretor Regional Adjunto do Senac\/SE, Manuel Leal.<\/p>\n\n\n\n<p>A baiana do munic\u00edpio de Valen\u00e7a (BA), Jos\u00e9lia Crispim, veio para a capital sergipana para passar apenas um ano.<br>\u201cPassado um ano morando aqui, apesar da saudade da fam\u00edlia que ficou l\u00e1 em Valen\u00e7a, resolvi ficar. Desde ent\u00e3o, j\u00e1 se passaram 17 anos. \u00c0s vezes penso em voltar para minha terra natal por causa dos meus familiares, mas se isso acontecer um dia, sempre viria para Aracaju, uma cidade que me acolheu e que eu adoro, que tem lugares que gosto muito, a exemplo da Orla da Atalaia\u201d.<\/p>\n\n\n\n<p>O potiguar Rodrigo Sales Albuquerque Cunha chegou \u00e0 cidade ainda crian\u00e7a, quando o pai resolveu morar, pensando em ficar mais pr\u00f3ximo dos filhos g\u00eameos.<br>\u201cMeu pai trabalhava viajando pelo Norte e Nordeste. Quando eu e minha irm\u00e3 g\u00eamea nascemos, ainda no Rio Grande do Norte, ele resolveu voltar para Pernambuco, para ficarmos mais pr\u00f3ximos dos familiares. Mesmo assim, ele aproveitou a oportunidade que surgiu de vir para Aracaju e trabalhar viajando somente por Sergipe, onde pretendia ficar por cinco anos e l\u00e1 se v\u00e3o quase 40. Cheguei na cidade com sete anos de idade e todas as minhas refer\u00eancias s\u00e3o daqui. Gosto demais de ir para o Parque da Sementeira, onde tenho lembran\u00e7as boas de passeios e piqueniques feitos na minha inf\u00e2ncia. N\u00e3o passo um m\u00eas sem ir ao parque, andar de bicicleta, caminhar ou simplesmente aproveitar a natureza\u201d.<\/p>\n\n\n\n<p><em><strong>Acompanhe tamb\u00e9m o SE Not\u00edcias no&nbsp;<a rel=\"noreferrer noopener\" href=\"https:\/\/twitter.com\/Senoticias\" target=\"_blank\">Twitter<\/a>,&nbsp;<a rel=\"noreferrer noopener\" href=\"https:\/\/www.facebook.com\/senoticias1\" target=\"_blank\">Facebook<\/a>&nbsp;e no&nbsp;<a rel=\"noreferrer noopener\" href=\"https:\/\/www.instagram.com\/senoticias\/\" target=\"_blank\">Instagram<\/a><\/strong><\/em><\/p>\n\n\n\n<p>Fonte: Senac Se<\/p>\n","protected":false},"excerpt":{"rendered":"<p>Um povoado de pescadores que virou cidade pela necessidade do Estado de Sergipe ter uma capital com um porto pr\u00f3ximo, para a exporta\u00e7\u00e3o de a\u00e7\u00facar e algod\u00e3o, principais produtos agr\u00edcolas da regi\u00e3o na \u00e9poca. Assim, em 17 de mar\u00e7o de 1855 nascia Aracaju, banhada pelas \u00e1guas dos rios Sergipe e Poxim, e pelo Oceano Atl\u00e2ntico. [&hellip;]<\/p>\n","protected":false},"author":6557,"featured_media":0,"comment_status":"closed","ping_status":"closed","sticky":false,"template":"","format":"standard","meta":{"footnotes":""},"categories":[15,21],"tags":[38489,9084,38490,2823],"class_list":{"0":"post-136314","1":"post","2":"type-post","3":"status-publish","4":"format-standard","6":"category-destaques","7":"category-entretenimento","8":"tag-168-anos-de-aracaju","9":"tag-aniversario-de-aracaju","10":"tag-encantos-de-aracaju","11":"tag-feriado"},"_links":{"self":[{"href":"https:\/\/senoticias.com.br\/se\/wp-json\/wp\/v2\/posts\/136314"}],"collection":[{"href":"https:\/\/senoticias.com.br\/se\/wp-json\/wp\/v2\/posts"}],"about":[{"href":"https:\/\/senoticias.com.br\/se\/wp-json\/wp\/v2\/types\/post"}],"author":[{"embeddable":true,"href":"https:\/\/senoticias.com.br\/se\/wp-json\/wp\/v2\/users\/6557"}],"replies":[{"embeddable":true,"href":"https:\/\/senoticias.com.br\/se\/wp-json\/wp\/v2\/comments?post=136314"}],"version-history":[{"count":0,"href":"https:\/\/senoticias.com.br\/se\/wp-json\/wp\/v2\/posts\/136314\/revisions"}],"wp:attachment":[{"href":"https:\/\/senoticias.com.br\/se\/wp-json\/wp\/v2\/media?parent=136314"}],"wp:term":[{"taxonomy":"category","embeddable":true,"href":"https:\/\/senoticias.com.br\/se\/wp-json\/wp\/v2\/categories?post=136314"},{"taxonomy":"post_tag","embeddable":true,"href":"https:\/\/senoticias.com.br\/se\/wp-json\/wp\/v2\/tags?post=136314"}],"curies":[{"name":"wp","href":"https:\/\/api.w.org\/{rel}","templated":true}]}}