{"id":136270,"date":"2023-03-14T17:01:42","date_gmt":"2023-03-14T20:01:42","guid":{"rendered":"https:\/\/senoticias.com.br\/se\/?p=136270"},"modified":"2023-03-14T17:02:25","modified_gmt":"2023-03-14T20:02:25","slug":"programacao-no-museu-da-gente-sergipana-celebrara-aniversario-de-aracaju","status":"publish","type":"post","link":"https:\/\/senoticias.com.br\/se\/programacao-no-museu-da-gente-sergipana-celebrara-aniversario-de-aracaju\/","title":{"rendered":"Programa\u00e7\u00e3o no Museu da Gente Sergipana celebrar\u00e1 anivers\u00e1rio de Aracaju"},"content":{"rendered":"\n<p>Em comemora\u00e7\u00e3o ao anivers\u00e1rio de 168 anos de Aracaju, o Instituto Banese, atrav\u00e9s do Museu da Gente Sergipana Gov. Marcelo D\u00e9da, realizar\u00e1 nos dias 15, 16 e 17 uma diversificada programa\u00e7\u00e3o para celebrar a data. A\u00e7\u00f5es educativas, lan\u00e7amento audiovisual, shows musicais e passeio cultural e educativo est\u00e3o entre as atra\u00e7\u00f5es. Todas as atividades ter\u00e3o acesso gratuito. Durante a programa\u00e7\u00e3o ocorrer\u00e1 arrecada\u00e7\u00e3o de alimentos n\u00e3o perec\u00edveis e roupas novas ou em bom estado de conserva\u00e7\u00e3o que ser\u00e3o doadas ao GACC Sergipe &#8211; institui\u00e7\u00e3o que atende crian\u00e7as com c\u00e2ncer. Todos os interessados em participar da programa\u00e7\u00e3o est\u00e3o convidados a contribuir com a campanha.<\/p>\n\n\n\n<figure class=\"wp-block-image size-large\"><img loading=\"lazy\" decoding=\"async\" width=\"589\" height=\"530\" src=\"https:\/\/senoticias.com.br\/se\/wp-content\/uploads\/2023\/03\/Instituto-Banese-SE-Noticias.jpg\" alt=\"\" class=\"wp-image-136271\" srcset=\"https:\/\/senoticias.com.br\/se\/wp-content\/uploads\/2023\/03\/Instituto-Banese-SE-Noticias.jpg 589w, https:\/\/senoticias.com.br\/se\/wp-content\/uploads\/2023\/03\/Instituto-Banese-SE-Noticias-300x270.jpg 300w\" sizes=\"(max-width: 589px) 100vw, 589px\" \/><figcaption>\u00a0Todas as atividades ter\u00e3o acesso gratuito &#8211; Foto arte: ascom<\/figcaption><\/figure>\n\n\n\n<p>Na quinta-feira, dia 16, \u00e0s 19h, acontecer\u00e1 a exibi\u00e7\u00e3o de lan\u00e7amento do document\u00e1rio \u2018Povo de Atalaia\u2019, dirigido por Gabriela Caldas, com classifica\u00e7\u00e3o indicativa de 16 anos. A exibi\u00e7\u00e3o ocorrer\u00e1 na Sala C\u00e2ndido Faria (audit\u00f3rio do museu), com limite de 100 vagas para o p\u00fablico. Em seguida, \u00e0s 20h, ter\u00e3o in\u00edcio os shows do DJ Rafa Arag\u00e3o e do Coletivo Serigy All-Stars, com os cantores Alex Sant\u2019Anna, Anne Carol, Diane Veloso, Luno Torres, Morgana, Sandy Al\u00ea, Taia e Tonho Baixinho. As apresenta\u00e7\u00f5es ocorrer\u00e3o na \u00e1rea externa do museu.<\/p>\n\n\n\n<p>A programa\u00e7\u00e3o continuar\u00e1 no dia do anivers\u00e1rio da cidade, 17, com o lan\u00e7amento do Projeto Arrudiar, iniciativa que prop\u00f5e passeios de cunho cultural, tur\u00edstico e educativo por locais marcantes de Sergipe e carregados de relev\u00e2ncia hist\u00f3rica e social, com a abordagem de diversificados temas. Nessa primeira edi\u00e7\u00e3o, o projeto ter\u00e1 como tem\u00e1tica \u2018De S\u00e3o Crist\u00f3v\u00e3o a Aracaju &#8211; 168 anos de hist\u00f3ria\u2019 e contar\u00e1 com a condu\u00e7\u00e3o do historiador Osvaldo Neto e do guia de turismo Elias Ramos. A sa\u00edda com destino \u00e0 cidade hist\u00f3rica S\u00e3o Crist\u00f3v\u00e3o ser\u00e1 \u00e0s 9h, do Museu da Gente Sergipana, com retorno marcado para 12h. A atividade disponibiliza 38 vagas para pessoas a partir de 16 anos de idade e a inscri\u00e7\u00e3o se dar\u00e1 por ordem de chegada, com libera\u00e7\u00e3o de senha.<\/p>\n\n\n\n<p>A\u00e7\u00f5es educativas<\/p>\n\n\n\n<p>As a\u00e7\u00f5es educativas, como em todas as programa\u00e7\u00f5es, tamb\u00e9m far\u00e3o parte das comemora\u00e7\u00f5es do anivers\u00e1rio de Aracaju. Nos dias 15, 16 e 17 a equipe educativa do Museu da Gente Sergipana realizar\u00e1, das 10h \u00e0s 12h, a &#8216;Oficina de Dedoche \u2013 Uma homenagem a Taieira e a Chegan\u00e7a&#8217;, em refer\u00eancia ao Largo da Gente Sergipana, um dos principais cart\u00f5es postais de Aracaju. Poder\u00e3o participar crian\u00e7as e adolescentes de 08 a 14 anos de idade. As vagas s\u00e3o limitadas e a participa\u00e7\u00e3o se dar\u00e1 por ordem de chegada.<\/p>\n\n\n\n<p>Outra atividade tamb\u00e9m preparada para os tr\u00eas dias \u00e9 o &#8216;Teatro de Objetos: Como nasce uma cidade?&#8217;, que acontecer\u00e1 pela manh\u00e3 (10h30 \/ 11h \/ 11h30) e \u00e0 tarde (14h \/ 14h30), podendo participar pessoas de todas as idades. As vagas s\u00e3o limitadas e a participa\u00e7\u00e3o tamb\u00e9m se dar\u00e1 por ordem de chegada.<\/p>\n\n\n\n<p><strong>Povo de Atalaia<\/strong><\/p>\n\n\n\n<p>De natureza experimental, o document\u00e1rio brinca com os mecanismos da mem\u00f3ria coletiva da Atalaia ao contar um pouco da hist\u00f3ria do bairro e seu crescimento, um recorte a partir do ponto de vista de Gabriela Caldas, que realizou o filme atrav\u00e9s de dispositivos (regras auto impostas de realiza\u00e7\u00e3o), a exemplo da escolha dos personagens que de alguma forma cruzaram a vida da autora. \u2018Povo de Atalaia\u2019 se vale de artif\u00edcios est\u00e9ticos que emulam um labirinto temporal\/afetivo\/imag\u00e9tico\/hist\u00f3rico\/musical na representa\u00e7\u00e3o das mem\u00f3rias da autora a partir das vozes de seus personagens.<\/p>\n\n\n\n<p><strong>Serigy All-Stars<\/strong><\/p>\n\n\n\n<p>O Serigy All-Stars nasceu como uma colet\u00e2nea em 2012, produzida pelo cantor Alex Sant\u2019Anna atrav\u00e9s do selo Disco de Barro. O disco saiu com o subt\u00edtulo em ingl\u00eas \u201cMusic From Sergipe\u201d porque tinha a inten\u00e7\u00e3o de levar a m\u00fasica de Sergipe para al\u00e9m fronteiras do estado e do pa\u00eds. Com o passar do tempo e com a chegada dos servi\u00e7os de streamings, a colet\u00e2nea virou uma playlist que se prop\u00f5e a atualiza\u00e7\u00f5es semanais com tudo que acontece de novo na cena musical de Sergipe. Desde 2022 o Serigy All-Stars ganhou uma nova \u00e1rea de atua\u00e7\u00e3o, passou a trabalhar como produtora de shows e eventos, tendo como grande a\u00e7\u00e3o o projeto \u2018Ter\u00e7as Autorais\u2019, que, em parceria com o The Stones Pub, produziu vinte shows de artistas autorais de Sergipe.<\/p>\n\n\n\n<p><em><strong>Acompanhe tamb\u00e9m o SE Not\u00edcias no\u00a0<a rel=\"noreferrer noopener\" href=\"https:\/\/twitter.com\/Senoticias\" target=\"_blank\">Twitter<\/a>,\u00a0<a rel=\"noreferrer noopener\" href=\"https:\/\/www.facebook.com\/senoticias1\" target=\"_blank\">Facebook<\/a>\u00a0e no\u00a0<a rel=\"noreferrer noopener\" href=\"https:\/\/www.instagram.com\/senoticias\/\" target=\"_blank\">Instagram<\/a><\/strong><\/em><\/p>\n\n\n\n<p>Fonte: assessoria de imprensa<\/p>\n","protected":false},"excerpt":{"rendered":"<p>Em comemora\u00e7\u00e3o ao anivers\u00e1rio de 168 anos de Aracaju, o Instituto Banese, atrav\u00e9s do Museu da Gente Sergipana Gov. Marcelo D\u00e9da, realizar\u00e1 nos dias 15, 16 e 17 uma diversificada programa\u00e7\u00e3o para celebrar a data. A\u00e7\u00f5es educativas, lan\u00e7amento audiovisual, shows musicais e passeio cultural e educativo est\u00e3o entre as atra\u00e7\u00f5es. Todas as atividades ter\u00e3o acesso [&hellip;]<\/p>\n","protected":false},"author":6557,"featured_media":0,"comment_status":"closed","ping_status":"closed","sticky":false,"template":"","format":"standard","meta":{"footnotes":""},"categories":[15,21],"tags":[38474,35935,16448,10082],"class_list":{"0":"post-136270","1":"post","2":"type-post","3":"status-publish","4":"format-standard","6":"category-destaques","7":"category-entretenimento","8":"tag-aniversario-de-168-anos-de-aracaju","9":"tag-aniversario-de-aracaju-2","10":"tag-instituto-banese","11":"tag-museu-da-gente-sergipana"},"_links":{"self":[{"href":"https:\/\/senoticias.com.br\/se\/wp-json\/wp\/v2\/posts\/136270"}],"collection":[{"href":"https:\/\/senoticias.com.br\/se\/wp-json\/wp\/v2\/posts"}],"about":[{"href":"https:\/\/senoticias.com.br\/se\/wp-json\/wp\/v2\/types\/post"}],"author":[{"embeddable":true,"href":"https:\/\/senoticias.com.br\/se\/wp-json\/wp\/v2\/users\/6557"}],"replies":[{"embeddable":true,"href":"https:\/\/senoticias.com.br\/se\/wp-json\/wp\/v2\/comments?post=136270"}],"version-history":[{"count":0,"href":"https:\/\/senoticias.com.br\/se\/wp-json\/wp\/v2\/posts\/136270\/revisions"}],"wp:attachment":[{"href":"https:\/\/senoticias.com.br\/se\/wp-json\/wp\/v2\/media?parent=136270"}],"wp:term":[{"taxonomy":"category","embeddable":true,"href":"https:\/\/senoticias.com.br\/se\/wp-json\/wp\/v2\/categories?post=136270"},{"taxonomy":"post_tag","embeddable":true,"href":"https:\/\/senoticias.com.br\/se\/wp-json\/wp\/v2\/tags?post=136270"}],"curies":[{"name":"wp","href":"https:\/\/api.w.org\/{rel}","templated":true}]}}