{"id":136264,"date":"2023-03-14T06:46:46","date_gmt":"2023-03-14T09:46:46","guid":{"rendered":"https:\/\/senoticias.com.br\/se\/?p=136264"},"modified":"2023-03-14T10:56:33","modified_gmt":"2023-03-14T13:56:33","slug":"meteorologia-preve-chuva-em-todo-estado-esta-semana","status":"publish","type":"post","link":"https:\/\/senoticias.com.br\/se\/meteorologia-preve-chuva-em-todo-estado-esta-semana\/","title":{"rendered":"Meteorologia prev\u00ea chuva em todo estado esta semana"},"content":{"rendered":"\n<p>A semana come\u00e7ou com chuva em Sergipe e deve continuar assim pelos pr\u00f3ximos dias. Esta \u00e9 a previs\u00e3o apontada pelo meteorologista Overland Amaral.<\/p>\n\n\n\n<p>Segundo ele, mar\u00e7o, abril e maio concentram os maiores volumes de chuvas no estado e essas precipita\u00e7\u00f5es, que come\u00e7am na noite desse domingo (12), j\u00e1 estavam previstas.<\/p>\n\n\n\n<figure class=\"wp-block-image size-large\"><img loading=\"lazy\" decoding=\"async\" width=\"579\" height=\"434\" src=\"https:\/\/senoticias.com.br\/se\/wp-content\/uploads\/2023\/03\/Chuvas-SE-Noticias.jpg\" alt=\"\" class=\"wp-image-136265\" srcset=\"https:\/\/senoticias.com.br\/se\/wp-content\/uploads\/2023\/03\/Chuvas-SE-Noticias.jpg 579w, https:\/\/senoticias.com.br\/se\/wp-content\/uploads\/2023\/03\/Chuvas-SE-Noticias-300x225.jpg 300w, https:\/\/senoticias.com.br\/se\/wp-content\/uploads\/2023\/03\/Chuvas-SE-Noticias-45x35.jpg 45w\" sizes=\"(max-width: 579px) 100vw, 579px\" \/><figcaption>Nesta ter\u00e7a-feira (14) foram registradas chuvas na Grande Aracaju &#8211; Foto: SE Not\u00edcias<\/figcaption><\/figure>\n\n\n\n<p>\u201cAs pancadas de chuvas atingem todo o estado. No Sul de Sergipe, nesta segunda-feira (13) foram registradas pancadas com volume de 40 mil\u00edmetros, essa \u00e9 uma caracter\u00edstica que deve se estender para outras regi\u00f5es do estado\u201d, explicou.<\/p>\n\n\n\n<p>Ainda segundo Overland, Sergipe est\u00e1 sob atua\u00e7\u00e3o de uma \u00e1rea de instabilidade convectiva, formada pela intensa evapora\u00e7\u00e3o, provocada pelo calor e que gera chuvas volumosas acompanhadas de trovoadas.<\/p>\n\n\n\n<p>Com informa\u00e7\u00f5es do <em>G1 SE<\/em><\/p>\n\n\n\n<p><em><strong>Acompanhe tamb\u00e9m o SE Not\u00edcias no&nbsp;<a rel=\"noreferrer noopener\" href=\"https:\/\/twitter.com\/Senoticias\" target=\"_blank\">Twitter<\/a>,&nbsp;<a rel=\"noreferrer noopener\" href=\"https:\/\/www.facebook.com\/senoticias1\" target=\"_blank\">Facebook<\/a>&nbsp;e no&nbsp;<a rel=\"noreferrer noopener\" href=\"https:\/\/www.instagram.com\/senoticias\/\" target=\"_blank\">Instagram<\/a><\/strong><\/em><\/p>\n","protected":false},"excerpt":{"rendered":"<p>A semana come\u00e7ou com chuva em Sergipe e deve continuar assim pelos pr\u00f3ximos dias. Esta \u00e9 a previs\u00e3o apontada pelo meteorologista Overland Amaral. Segundo ele, mar\u00e7o, abril e maio concentram os maiores volumes de chuvas no estado e essas precipita\u00e7\u00f5es, que come\u00e7am na noite desse domingo (12), j\u00e1 estavam previstas. \u201cAs pancadas de chuvas atingem [&hellip;]<\/p>\n","protected":false},"author":6557,"featured_media":0,"comment_status":"closed","ping_status":"closed","sticky":false,"template":"","format":"standard","meta":{"footnotes":""},"categories":[15,6,1],"tags":[14317,11172],"class_list":{"0":"post-136264","1":"post","2":"type-post","3":"status-publish","4":"format-standard","6":"category-destaques","7":"category-politica","8":"category-sem-categoria","9":"tag-meteorologia","10":"tag-previsao-de-chuvas"},"_links":{"self":[{"href":"https:\/\/senoticias.com.br\/se\/wp-json\/wp\/v2\/posts\/136264"}],"collection":[{"href":"https:\/\/senoticias.com.br\/se\/wp-json\/wp\/v2\/posts"}],"about":[{"href":"https:\/\/senoticias.com.br\/se\/wp-json\/wp\/v2\/types\/post"}],"author":[{"embeddable":true,"href":"https:\/\/senoticias.com.br\/se\/wp-json\/wp\/v2\/users\/6557"}],"replies":[{"embeddable":true,"href":"https:\/\/senoticias.com.br\/se\/wp-json\/wp\/v2\/comments?post=136264"}],"version-history":[{"count":0,"href":"https:\/\/senoticias.com.br\/se\/wp-json\/wp\/v2\/posts\/136264\/revisions"}],"wp:attachment":[{"href":"https:\/\/senoticias.com.br\/se\/wp-json\/wp\/v2\/media?parent=136264"}],"wp:term":[{"taxonomy":"category","embeddable":true,"href":"https:\/\/senoticias.com.br\/se\/wp-json\/wp\/v2\/categories?post=136264"},{"taxonomy":"post_tag","embeddable":true,"href":"https:\/\/senoticias.com.br\/se\/wp-json\/wp\/v2\/tags?post=136264"}],"curies":[{"name":"wp","href":"https:\/\/api.w.org\/{rel}","templated":true}]}}