{"id":136246,"date":"2023-03-13T07:09:07","date_gmt":"2023-03-13T10:09:07","guid":{"rendered":"https:\/\/senoticias.com.br\/se\/?p=136246"},"modified":"2023-03-13T07:10:37","modified_gmt":"2023-03-13T10:10:37","slug":"flamengo-x-vasco-onde-assistir-escalacoes-e-desfalques-da-ida-da-semifinal-do-campeonato-carioca","status":"publish","type":"post","link":"https:\/\/senoticias.com.br\/se\/flamengo-x-vasco-onde-assistir-escalacoes-e-desfalques-da-ida-da-semifinal-do-campeonato-carioca\/","title":{"rendered":"Flamengo x Vasco: onde assistir, escala\u00e7\u00f5es e desfalques da ida da semifinal do Campeonato Carioca"},"content":{"rendered":"\n<figure class=\"wp-block-image size-large\"><img loading=\"lazy\" decoding=\"async\" width=\"600\" height=\"342\" src=\"https:\/\/senoticias.com.br\/se\/wp-content\/uploads\/2023\/03\/Flamengo-e-vasco-SE-noticias.png\" alt=\"\" class=\"wp-image-136247\" srcset=\"https:\/\/senoticias.com.br\/se\/wp-content\/uploads\/2023\/03\/Flamengo-e-vasco-SE-noticias.png 600w, https:\/\/senoticias.com.br\/se\/wp-content\/uploads\/2023\/03\/Flamengo-e-vasco-SE-noticias-300x171.png 300w\" sizes=\"(max-width: 600px) 100vw, 600px\" \/><figcaption>Flamengo encara o Vasco no jogo de ida da semifinal do Carioca &#8211; Foto: Gilvan de Sousa\/CRF<\/figcaption><\/figure>\n\n\n\n<p>Flamengo e Vasco voltam a se enfrentar nesta segunda-feira, \u00e0s 21h10, no Est\u00e1dio do Maracan\u00e3. Ser\u00e1 o jogo de ida da semifinal do Campeonato Carioca, que o LANCE! acompanhar\u00e1 em Tempo Real. O Cl\u00e1ssico dos Milh\u00f5es ainda ter\u00e1 transmiss\u00e3o com imagem dos canais Band e BandSports.<\/p>\n\n\n\n<p>Por ter terminado a Ta\u00e7a Guanabara em segundo lugar, o Vasco tem a vantagem e joga por dois resultados iguais para avan\u00e7ar \u00e0 final do Estadual. A partida de volta ser\u00e1 no dia 18 ou 19 de mar\u00e7o.<\/p>\n\n\n\n<p>Pressionado pelos resultados nos primeiros meses do ano e pelas derrotas para Vasco e Fluminense, nas rodadas finais da Ta\u00e7a Guanabara, o Flamengo busca a reabilita\u00e7\u00e3o. Alvo de cr\u00edticas da torcida, o t\u00e9cnico V\u00edtor Pereira tem uma s\u00e9rie de desfalques. O elenco profissional trabalhou nesta sexta e, antes da definir a escala\u00e7\u00e3o, o treinador comanda mais duas atividades antes do cl\u00e1ssico.<\/p>\n\n\n\n<p>O Vasco deve ir a campo com a mesma equipe que venceu o Cl\u00e1ssico dos Milh\u00f5es no domingo passado. O t\u00e9cnico Maur\u00edcio Barbieri ainda tem a chance de contar com Orellano e Robson, que est\u00e3o em transi\u00e7\u00e3o desde o in\u00edcio da semana. Diferentemente do Rubro-Negro, o Cruz-Maltino vive boa fase e est\u00e1 com moral por ter vencido os \u00faltimos cinco jogos.<\/p>\n\n\n\n<p>Em reuni\u00e3o nesta sexta, com representantes dos clubes semifinalistas, o Governo do Rio definiu que n\u00e3o ter\u00e1 torcida \u00fanica.<\/p>\n\n\n\n<p>Confira mais informa\u00e7\u00f5es da partida entre Flamengo e Vasco, pela semifinal do Carioca:<\/p>\n\n\n\n<p>Est\u00e1dio: Maracan\u00e3, no Rio de Janeiro (RJ)<br>Data e hora: 13 de mar\u00e7o, \u00e0s 21h10<br>\u00c1rbitro: Wagner do Nascimento Magalh\u00e3es<br>Assistentes: Rodrigo Figueiredo Henrique Corr\u00eaa e Thayse Marques Fonseca<br>\u00c1rbitro de v\u00eddeo: Rodrigo Nunes de S\u00e1<br>Onde assistir: Band, BandSports e Tempo Real do LANCE!<\/p>\n\n\n\n<p>FLAMENGO (T\u00e9cnico: V\u00edtor Pereira)<\/p>\n\n\n\n<p>O t\u00e9cnico V\u00edtor Pereira ainda comandar\u00e1 duas atividades antes de definir o time do Flamengo para o cl\u00e1ssico. Uma prov\u00e1vel forma\u00e7\u00e3o tem: Matheus Cunha (Santos); Pablo, Fabr\u00edcio Bruno e Rodrigo Caio; Matheuzinho, Vidal, Thiago Maia e Ayrton Lucas; Arrascaeta, Gabigol e Pedro.<\/p>\n\n\n\n<p>Suspensos: Gerson<br>Desfalques: Filipe Lu\u00eds, Erick Pulgar e Bruno Henrique<br>D\u00favidas: David Luiz, Varela, Victor Hugo e Thiago Maia<\/p>\n\n\n\n<p>VASCO (T\u00e9cnico: Maur\u00edcio Barbieri)\u200b<\/p>\n\n\n\n<p>O t\u00e9cnico Maur\u00edcio Barbieri deve manter o time que venceu o pr\u00f3prio Flamengo no \u00faltimo domingo. A prov\u00e1vel escala\u00e7\u00e3o tem L\u00e9o Jardim; Puma Rodr\u00edguez, Capasso, L\u00e9o e Lucas Piton; Rodrigo, Andrey Santos e Jair; Gabriel Pec, Alex Teixeira e Pedro Raul.<\/p>\n\n\n\n<p>Suspensos: Ningu\u00e9m.<br>Desfalques: Gabriel Dias e Riquelme.<br>D\u00favidas: Orellano e Robson<\/p>\n\n\n\n<p><em><strong>Acompanhe tamb\u00e9m o SE Not\u00edcias no\u00a0<a rel=\"noreferrer noopener\" href=\"https:\/\/twitter.com\/Senoticias\" target=\"_blank\">Twitter<\/a>,\u00a0<a rel=\"noreferrer noopener\" href=\"https:\/\/www.facebook.com\/senoticias1\" target=\"_blank\">Facebook<\/a>\u00a0e no\u00a0<a rel=\"noreferrer noopener\" href=\"https:\/\/www.instagram.com\/senoticias\/\" target=\"_blank\">Instagram<\/a><\/strong><\/em><\/p>\n\n\n\n<p>Fonte: Di\u00e1rio do Flamengo<\/p>\n","protected":false},"excerpt":{"rendered":"<p>Flamengo e Vasco voltam a se enfrentar nesta segunda-feira, \u00e0s 21h10, no Est\u00e1dio do Maracan\u00e3. Ser\u00e1 o jogo de ida da semifinal do Campeonato Carioca, que o LANCE! acompanhar\u00e1 em Tempo Real. O Cl\u00e1ssico dos Milh\u00f5es ainda ter\u00e1 transmiss\u00e3o com imagem dos canais Band e BandSports. Por ter terminado a Ta\u00e7a Guanabara em segundo lugar, [&hellip;]<\/p>\n","protected":false},"author":6557,"featured_media":0,"comment_status":"closed","ping_status":"closed","sticky":false,"template":"","format":"standard","meta":{"footnotes":""},"categories":[15,26],"tags":[404,38458,3362,437],"class_list":{"0":"post-136246","1":"post","2":"type-post","3":"status-publish","4":"format-standard","6":"category-destaques","7":"category-esportes","8":"tag-campeonato-carioca","9":"tag-flamengo-e-vasco","10":"tag-maracana","11":"tag-taca-guanabara"},"_links":{"self":[{"href":"https:\/\/senoticias.com.br\/se\/wp-json\/wp\/v2\/posts\/136246"}],"collection":[{"href":"https:\/\/senoticias.com.br\/se\/wp-json\/wp\/v2\/posts"}],"about":[{"href":"https:\/\/senoticias.com.br\/se\/wp-json\/wp\/v2\/types\/post"}],"author":[{"embeddable":true,"href":"https:\/\/senoticias.com.br\/se\/wp-json\/wp\/v2\/users\/6557"}],"replies":[{"embeddable":true,"href":"https:\/\/senoticias.com.br\/se\/wp-json\/wp\/v2\/comments?post=136246"}],"version-history":[{"count":0,"href":"https:\/\/senoticias.com.br\/se\/wp-json\/wp\/v2\/posts\/136246\/revisions"}],"wp:attachment":[{"href":"https:\/\/senoticias.com.br\/se\/wp-json\/wp\/v2\/media?parent=136246"}],"wp:term":[{"taxonomy":"category","embeddable":true,"href":"https:\/\/senoticias.com.br\/se\/wp-json\/wp\/v2\/categories?post=136246"},{"taxonomy":"post_tag","embeddable":true,"href":"https:\/\/senoticias.com.br\/se\/wp-json\/wp\/v2\/tags?post=136246"}],"curies":[{"name":"wp","href":"https:\/\/api.w.org\/{rel}","templated":true}]}}