{"id":136201,"date":"2023-03-08T17:54:00","date_gmt":"2023-03-08T20:54:00","guid":{"rendered":"https:\/\/senoticias.com.br\/se\/?p=136201"},"modified":"2023-03-08T17:54:06","modified_gmt":"2023-03-08T20:54:06","slug":"lula-anuncia-pacote-de-medidas-no-dia-internacional-da-mulher-veja-quais-sao","status":"publish","type":"post","link":"https:\/\/senoticias.com.br\/se\/lula-anuncia-pacote-de-medidas-no-dia-internacional-da-mulher-veja-quais-sao\/","title":{"rendered":"Lula anuncia pacote de medidas no Dia Internacional da Mulher; veja quais s\u00e3o"},"content":{"rendered":"\n<p><\/p>\n\n\n\n<p>O presidente Luiz In\u00e1cio Lula da Silva (PT), anunciou, nesta quarta-feira (8), um pacote de medidas com foco nas mulheres no mercado de trabalho, al\u00e9m de assist\u00eancia social e a\u00e7\u00e3o na seguran\u00e7a de v\u00edtimas de viol\u00eancia.<\/p>\n\n\n\n<p>Durante evento em Bras\u00edlia neste Dia Internacional da Mulher, Lula enviou mensagem ao Congresso Nacional para que o pa\u00eds possa aderir \u00e0 Conven\u00e7\u00e3o sobre a Elimina\u00e7\u00e3o da Viol\u00eancia e do Ass\u00e9dio no Mundo do Trabalho, da Organiza\u00e7\u00e3o do Trabalho (OIT).<\/p>\n\n\n\n<figure class=\"wp-block-image size-large\"><img loading=\"lazy\" decoding=\"async\" width=\"576\" height=\"350\" src=\"https:\/\/senoticias.com.br\/se\/wp-content\/uploads\/2023\/03\/Dia-Internacional-da-Mulher-SE-Noticias.png\" alt=\"\" class=\"wp-image-136202\" srcset=\"https:\/\/senoticias.com.br\/se\/wp-content\/uploads\/2023\/03\/Dia-Internacional-da-Mulher-SE-Noticias.png 576w, https:\/\/senoticias.com.br\/se\/wp-content\/uploads\/2023\/03\/Dia-Internacional-da-Mulher-SE-Noticias-300x182.png 300w\" sizes=\"(max-width: 576px) 100vw, 576px\" \/><figcaption>Presidente Luiz In\u00e1cio Lula da Silva (PT) discursa em cerim\u00f4nia pelo Dia Internacional das Mulheres &#8211; Foto: Reprodu\u00e7\u00e3o\/TV Brasil<\/figcaption><\/figure>\n\n\n\n<p>Criada em 2021, a conven\u00e7\u00e3o foi o primeiro tratado para enfrentar a viol\u00eancia e o ass\u00e9dio que estimula os pa\u00edses a adotarem leis e pol\u00edticas p\u00fablicas espec\u00edficas de preven\u00e7\u00e3o e puni\u00e7\u00e3o de casos de agress\u00e3o no trabalho. Desde o seu in\u00edcio \u00e9 esperada a ades\u00e3o brasileira.<\/p>\n\n\n\n<p>\u201cO Brasil voltou para combater a discrimina\u00e7\u00e3o, o ass\u00e9dio, o estupro, todas as formas de viol\u00eancia contra as mulheres\u201d, afirmou Lula.<\/p>\n\n\n\n<p><strong>Igualdade salarial<\/strong><\/p>\n\n\n\n<p>O presidente apresentou um projeto de lei que visa garantir igualdade salarial para homens e mulheres que exercem a mesma fun\u00e7\u00e3o.<\/p>\n\n\n\n<p>A medida \u00e9 uma promessa de campanha que favoreceu o apoio da ent\u00e3o candidata e agora ministra do Planejamento, Simone Tebet, ao candidato petista \u00e0 cadeira presidencial.<\/p>\n\n\n\n<p>A ideia \u00e9 elevar o custo de multa aplicada \u00e0queles empregadores que descumprirem a ordem de paridade.<\/p>\n\n\n\n<p>Segundo o mandat\u00e1rio, \u201cquando aceitamos que as mulheres ganhem menos que os homens, estamos perpetuando uma viol\u00eancia hist\u00f3rica contra as mulheres\u201d.<\/p>\n\n\n\n<p><strong>Redu\u00e7\u00e3o da taxa de juros<\/strong><br><br>Foi anunciada ainda a redu\u00e7\u00e3o da taxa de juros para oferta de cr\u00e9dito para empreendedoras das \u00e1reas rurais e urbanas, como favelas.<\/p>\n\n\n\n<p>O pacote de medidas envolve cerca de 25 a\u00e7\u00f5es que foram elaboradas por v\u00e1rias pastas, como Sa\u00fade, Justi\u00e7a e tamb\u00e9m bancos p\u00fablicos. A coordena\u00e7\u00e3o \u00e9 da ministra Cida Gon\u00e7alves, das Mulheres.<\/p>\n\n\n\n<p>Al\u00e9m disso, a lista inclui avan\u00e7os na regulamenta\u00e7\u00e3o do Programa de Prote\u00e7\u00e3o e Promo\u00e7\u00e3o da Sa\u00fade Menstrual, que prev\u00ea a distribui\u00e7\u00e3o de absorventes para estudantes de baixa renda e pessoas em situa\u00e7\u00e3o de rua. De acordo com fontes do governo, haver\u00e1 a destina\u00e7\u00e3o or\u00e7ament\u00e1ria de R$ 1,5 bilh\u00e3o ao ano para o programa.<\/p>\n\n\n\n<p><strong>Casa da Mulher Brasileira<\/strong><\/p>\n\n\n\n<p>O governo anunciou tamb\u00e9m a constru\u00e7\u00e3o de 40 novas unidades da Casa da Mulher Brasileira em munic\u00edpios de menor popula\u00e7\u00e3o.<\/p>\n\n\n\n<p>A estrat\u00e9gia \u00e9 levar a pol\u00edtica p\u00fablica \u00e0s mulheres em situa\u00e7\u00e3o de vulnerabilidade para cidades mais afastadas dos centros urbanos e n\u00e3o somente as capitais.<\/p>\n\n\n\n<p><strong>Viol\u00eancia contra a mulher<\/strong><br><br>Lula tamb\u00e9m assinou um projeto de lei que busca instituir o Dia Nacional Marielle Franco de Enfrentamento \u00e0 Viol\u00eancia Pol\u00edtica de G\u00eanero e Ra\u00e7a (14 de mar\u00e7o).<\/p>\n\n\n\n<p>(Publicado por Lucas Schroeder, com informa\u00e7\u00f5es de Bas\u00edlia Rodrigues e Douglas Porto, da CNN, em Bras\u00edlia e S\u00e3o Paulo)<\/p>\n\n\n\n<p><em><strong>Acompanhe tamb\u00e9m o SE Not\u00edcias no\u00a0<a rel=\"noreferrer noopener\" href=\"https:\/\/twitter.com\/Senoticias\" target=\"_blank\">Twitter<\/a>,\u00a0<a rel=\"noreferrer noopener\" href=\"https:\/\/www.facebook.com\/senoticias1\" target=\"_blank\">Facebook<\/a>\u00a0e no\u00a0<a rel=\"noreferrer noopener\" href=\"https:\/\/www.instagram.com\/senoticias\/\" target=\"_blank\">Instagram<\/a><\/strong><\/em><\/p>\n","protected":false},"excerpt":{"rendered":"<p>O presidente Luiz In\u00e1cio Lula da Silva (PT), anunciou, nesta quarta-feira (8), um pacote de medidas com foco nas mulheres no mercado de trabalho, al\u00e9m de assist\u00eancia social e a\u00e7\u00e3o na seguran\u00e7a de v\u00edtimas de viol\u00eancia. Durante evento em Bras\u00edlia neste Dia Internacional da Mulher, Lula enviou mensagem ao Congresso Nacional para que o pa\u00eds [&hellip;]<\/p>\n","protected":false},"author":6557,"featured_media":0,"comment_status":"closed","ping_status":"closed","sticky":false,"template":"","format":"standard","meta":{"footnotes":""},"categories":[15,6],"tags":[11743,90,7389],"class_list":{"0":"post-136201","1":"post","2":"type-post","3":"status-publish","4":"format-standard","6":"category-destaques","7":"category-politica","8":"tag-dia-internacional-da-mulher","9":"tag-lula","10":"tag-violencia-contra-a-mulher"},"_links":{"self":[{"href":"https:\/\/senoticias.com.br\/se\/wp-json\/wp\/v2\/posts\/136201"}],"collection":[{"href":"https:\/\/senoticias.com.br\/se\/wp-json\/wp\/v2\/posts"}],"about":[{"href":"https:\/\/senoticias.com.br\/se\/wp-json\/wp\/v2\/types\/post"}],"author":[{"embeddable":true,"href":"https:\/\/senoticias.com.br\/se\/wp-json\/wp\/v2\/users\/6557"}],"replies":[{"embeddable":true,"href":"https:\/\/senoticias.com.br\/se\/wp-json\/wp\/v2\/comments?post=136201"}],"version-history":[{"count":0,"href":"https:\/\/senoticias.com.br\/se\/wp-json\/wp\/v2\/posts\/136201\/revisions"}],"wp:attachment":[{"href":"https:\/\/senoticias.com.br\/se\/wp-json\/wp\/v2\/media?parent=136201"}],"wp:term":[{"taxonomy":"category","embeddable":true,"href":"https:\/\/senoticias.com.br\/se\/wp-json\/wp\/v2\/categories?post=136201"},{"taxonomy":"post_tag","embeddable":true,"href":"https:\/\/senoticias.com.br\/se\/wp-json\/wp\/v2\/tags?post=136201"}],"curies":[{"name":"wp","href":"https:\/\/api.w.org\/{rel}","templated":true}]}}