{"id":136185,"date":"2023-03-07T14:16:26","date_gmt":"2023-03-07T17:16:26","guid":{"rendered":"https:\/\/senoticias.com.br\/se\/?p=136185"},"modified":"2023-03-07T17:21:47","modified_gmt":"2023-03-07T20:21:47","slug":"armando-batalha-junior-participa-de-procissao-e-fortalece-o-nome-para-concorrer-a-prefeitura-de-sao-cristovao","status":"publish","type":"post","link":"https:\/\/senoticias.com.br\/se\/armando-batalha-junior-participa-de-procissao-e-fortalece-o-nome-para-concorrer-a-prefeitura-de-sao-cristovao\/","title":{"rendered":"Armando Batalha J\u00fanior participa de prociss\u00e3o e fortalece o nome para concorrer \u00e0 Prefeitura de S\u00e3o Crist\u00f3v\u00e3o"},"content":{"rendered":"\n<p>O ex-vereador de Aracaju, Armando Batalha J\u00fanior, esteve presente na prociss\u00e3o em homenagem ao Nosso Senhor dos Passos, realizada no \u00faltimo fim de semana, em S\u00e3o Crist\u00f3v\u00e3o. Filho do ex-prefeito Armando Batalha e irm\u00e3o do deputado estadual, Neto Batalha, Armando aproveitou a presen\u00e7a dos familiares para rezar e agradecer as b\u00ean\u00e7\u00e3os recebidas nos \u00faltimos anos. \u201cTer sa\u00fade \u00e9 um grande motivo para agradecer e comemorar\u201d, disse.<\/p>\n\n\n\n<figure class=\"wp-block-image size-large\"><img loading=\"lazy\" decoding=\"async\" width=\"569\" height=\"512\" src=\"https:\/\/senoticias.com.br\/se\/wp-content\/uploads\/2023\/03\/Armando-Batalha-Junior-SE-Noticias.jpg\" alt=\"\" class=\"wp-image-136186\" srcset=\"https:\/\/senoticias.com.br\/se\/wp-content\/uploads\/2023\/03\/Armando-Batalha-Junior-SE-Noticias.jpg 569w, https:\/\/senoticias.com.br\/se\/wp-content\/uploads\/2023\/03\/Armando-Batalha-Junior-SE-Noticias-300x270.jpg 300w\" sizes=\"(max-width: 569px) 100vw, 569px\" \/><figcaption>Armando Batalha J\u00fanior, esteve presente na prociss\u00e3o em homenagem ao Nosso Senhor dos Passos &#8211; Foto: ascom<\/figcaption><\/figure>\n\n\n\n<p>A festa de Nosso Senhor dos Passos sempre esteve no roteiro da fam\u00edlia Batalha. \u201cDesde crian\u00e7a meu pai nos levava para a igreja e depois para a prociss\u00e3o. Ou seja, desde muito cedo a gente aprendeu a ter f\u00e9, piedade e outros ensinamentos religiosos que nos guiam at\u00e9 hoje\u201d, enfatizou.<\/p>\n\n\n\n<p>Armando Batalha J\u00fanior \u00e9 apontado como forte concorrente para o cargo de prefeito de S\u00e3o Crist\u00f3v\u00e3o nas pr\u00f3ximas elei\u00e7\u00f5es. O nome dele vem ganhando for\u00e7a nos \u00faltimos meses e a presen\u00e7a na prociss\u00e3o de domingo fortalece as chances de concorrer ao cargo em 2024. O jovem advogado cumprimentou e recebeu o carinho de muitos moradores da regi\u00e3o.<\/p>\n\n\n\n<p><em><strong>Acompanhe tamb\u00e9m o SE Not\u00edcias no\u00a0<a rel=\"noreferrer noopener\" href=\"https:\/\/twitter.com\/Senoticias\" target=\"_blank\">Twitter<\/a>,\u00a0<a rel=\"noreferrer noopener\" href=\"https:\/\/www.facebook.com\/senoticias1\" target=\"_blank\">Facebook<\/a>\u00a0e no\u00a0<a rel=\"noreferrer noopener\" href=\"https:\/\/www.instagram.com\/senoticias\/\" target=\"_blank\">Instagram<\/a><\/strong><\/em><\/p>\n\n\n\n<p>Fonte: assessoria de imprensa<\/p>\n","protected":false},"excerpt":{"rendered":"<p>O ex-vereador de Aracaju, Armando Batalha J\u00fanior, esteve presente na prociss\u00e3o em homenagem ao Nosso Senhor dos Passos, realizada no \u00faltimo fim de semana, em S\u00e3o Crist\u00f3v\u00e3o. Filho do ex-prefeito Armando Batalha e irm\u00e3o do deputado estadual, Neto Batalha, Armando aproveitou a presen\u00e7a dos familiares para rezar e agradecer as b\u00ean\u00e7\u00e3os recebidas nos \u00faltimos anos. [&hellip;]<\/p>\n","protected":false},"author":6557,"featured_media":0,"comment_status":"closed","ping_status":"closed","sticky":false,"template":"","format":"standard","meta":{"footnotes":""},"categories":[15,38],"tags":[38427,38426,335],"class_list":{"0":"post-136185","1":"post","2":"type-post","3":"status-publish","4":"format-standard","6":"category-destaques","7":"category-municipios","8":"tag-armando-batalha-junior","9":"tag-eleicoes-2024","10":"tag-sao-cristovao"},"_links":{"self":[{"href":"https:\/\/senoticias.com.br\/se\/wp-json\/wp\/v2\/posts\/136185"}],"collection":[{"href":"https:\/\/senoticias.com.br\/se\/wp-json\/wp\/v2\/posts"}],"about":[{"href":"https:\/\/senoticias.com.br\/se\/wp-json\/wp\/v2\/types\/post"}],"author":[{"embeddable":true,"href":"https:\/\/senoticias.com.br\/se\/wp-json\/wp\/v2\/users\/6557"}],"replies":[{"embeddable":true,"href":"https:\/\/senoticias.com.br\/se\/wp-json\/wp\/v2\/comments?post=136185"}],"version-history":[{"count":0,"href":"https:\/\/senoticias.com.br\/se\/wp-json\/wp\/v2\/posts\/136185\/revisions"}],"wp:attachment":[{"href":"https:\/\/senoticias.com.br\/se\/wp-json\/wp\/v2\/media?parent=136185"}],"wp:term":[{"taxonomy":"category","embeddable":true,"href":"https:\/\/senoticias.com.br\/se\/wp-json\/wp\/v2\/categories?post=136185"},{"taxonomy":"post_tag","embeddable":true,"href":"https:\/\/senoticias.com.br\/se\/wp-json\/wp\/v2\/tags?post=136185"}],"curies":[{"name":"wp","href":"https:\/\/api.w.org\/{rel}","templated":true}]}}