{"id":136182,"date":"2023-03-07T11:06:38","date_gmt":"2023-03-07T14:06:38","guid":{"rendered":"https:\/\/senoticias.com.br\/se\/?p=136182"},"modified":"2023-03-07T11:06:44","modified_gmt":"2023-03-07T14:06:44","slug":"policia-prende-dois-suspeitos-por-roubo-de-veiculo-em-aracaju","status":"publish","type":"post","link":"https:\/\/senoticias.com.br\/se\/policia-prende-dois-suspeitos-por-roubo-de-veiculo-em-aracaju\/","title":{"rendered":"Pol\u00edcia prende dois suspeitos por roubo de ve\u00edculo em Aracaju"},"content":{"rendered":"\n<p>Nesta segunda-feira (6), a Pol\u00edcia Militar, atrav\u00e9s do Batalh\u00e3o de Choque, realizou a recupera\u00e7\u00e3o de um ve\u00edculo roubado.<\/p>\n\n\n\n<figure class=\"wp-block-image size-large\"><img loading=\"lazy\" decoding=\"async\" width=\"1024\" height=\"473\" src=\"https:\/\/senoticias.com.br\/se\/wp-content\/uploads\/2023\/03\/roubo-senoticias-1024x473.jpg\" alt=\"\" class=\"wp-image-136183\"\/><figcaption>A ocorr\u00eancia foi encaminhada para a Delegacia de Roubos e Furtos de Ve\u00edculos. &#8211; Foto: assessoria de comunica\u00e7\u00e3o PMSE\n\n<\/figcaption><\/figure>\n\n\n\n<p>Segundo a PM, durante a opera\u00e7\u00e3o, um suspeito com hist\u00f3rico de pr\u00e1ticas de roubo foi preso em flagrante. O homem, ainda, indicou uma comparsa.<\/p>\n\n\n\n<p>Na localiza\u00e7\u00e3o da suspeita, que j\u00e1 tinha mandado de pris\u00e3o em aberto, foram encontrados um rev\u00f3lver, uma balan\u00e7a digital e drogas. Al\u00e9m disso, uma m\u00e1scara utilizada por eles foi apreendida.<\/p>\n\n\n\n<p>\u201cA ocorr\u00eancia foi encaminhada para a Delegacia de Roubos e Furtos de Ve\u00edculos para as provid\u00eancias legais\u201d, explicou a pol\u00edcia.<\/p>\n\n\n\n<p><em><strong>Acompanhe tamb\u00e9m o SE Not\u00edcias no&nbsp;<a rel=\"noreferrer noopener\" href=\"https:\/\/twitter.com\/Senoticias\" target=\"_blank\">Twitter<\/a>,&nbsp;<a rel=\"noreferrer noopener\" href=\"https:\/\/www.facebook.com\/senoticias1\" target=\"_blank\">Facebook<\/a>&nbsp;e no&nbsp;<a rel=\"noreferrer noopener\" href=\"https:\/\/www.instagram.com\/senoticias\/\" target=\"_blank\">Instagram<\/a><\/strong><\/em><\/p>\n\n\n\n<p>Fonte: A8SE.com<\/p>\n","protected":false},"excerpt":{"rendered":"<p>Nesta segunda-feira (6), a Pol\u00edcia Militar, atrav\u00e9s do Batalh\u00e3o de Choque, realizou a recupera\u00e7\u00e3o de um ve\u00edculo roubado. Segundo a PM, durante a opera\u00e7\u00e3o, um suspeito com hist\u00f3rico de pr\u00e1ticas de roubo foi preso em flagrante. O homem, ainda, indicou uma comparsa. Na localiza\u00e7\u00e3o da suspeita, que j\u00e1 tinha mandado de pris\u00e3o em aberto, foram [&hellip;]<\/p>\n","protected":false},"author":6557,"featured_media":0,"comment_status":"closed","ping_status":"closed","sticky":false,"template":"","format":"standard","meta":{"footnotes":""},"categories":[15,7],"tags":[86,5361],"class_list":{"0":"post-136182","1":"post","2":"type-post","3":"status-publish","4":"format-standard","6":"category-destaques","7":"category-policia","8":"tag-policia-militar","9":"tag-roubo-de-veiculo"},"_links":{"self":[{"href":"https:\/\/senoticias.com.br\/se\/wp-json\/wp\/v2\/posts\/136182"}],"collection":[{"href":"https:\/\/senoticias.com.br\/se\/wp-json\/wp\/v2\/posts"}],"about":[{"href":"https:\/\/senoticias.com.br\/se\/wp-json\/wp\/v2\/types\/post"}],"author":[{"embeddable":true,"href":"https:\/\/senoticias.com.br\/se\/wp-json\/wp\/v2\/users\/6557"}],"replies":[{"embeddable":true,"href":"https:\/\/senoticias.com.br\/se\/wp-json\/wp\/v2\/comments?post=136182"}],"version-history":[{"count":0,"href":"https:\/\/senoticias.com.br\/se\/wp-json\/wp\/v2\/posts\/136182\/revisions"}],"wp:attachment":[{"href":"https:\/\/senoticias.com.br\/se\/wp-json\/wp\/v2\/media?parent=136182"}],"wp:term":[{"taxonomy":"category","embeddable":true,"href":"https:\/\/senoticias.com.br\/se\/wp-json\/wp\/v2\/categories?post=136182"},{"taxonomy":"post_tag","embeddable":true,"href":"https:\/\/senoticias.com.br\/se\/wp-json\/wp\/v2\/tags?post=136182"}],"curies":[{"name":"wp","href":"https:\/\/api.w.org\/{rel}","templated":true}]}}