{"id":136065,"date":"2023-02-27T11:35:52","date_gmt":"2023-02-27T14:35:52","guid":{"rendered":"https:\/\/senoticias.com.br\/se\/?p=136065"},"modified":"2023-02-27T11:37:05","modified_gmt":"2023-02-27T14:37:05","slug":"acao-conjunta-entre-pm-e-ibama-prende-trio-por-porte-ilegal-de-arma-de-fogo-e-caca-de-animais-sem-autorizacao","status":"publish","type":"post","link":"https:\/\/senoticias.com.br\/se\/acao-conjunta-entre-pm-e-ibama-prende-trio-por-porte-ilegal-de-arma-de-fogo-e-caca-de-animais-sem-autorizacao\/","title":{"rendered":"A\u00e7\u00e3o conjunta entre PM e Ibama prende trio por porte ilegal de arma de fogo e ca\u00e7a de animais sem autoriza\u00e7\u00e3o"},"content":{"rendered":"\n<p>Policiais militares do Pelot\u00e3o de Pol\u00edcia Ambiental (PPAmb), em a\u00e7\u00e3o conjunta com agentes do Ibama, prenderam tr\u00eas homens por porte ilegal de arma de fogo e ca\u00e7a de animais silvestres sem autoriza\u00e7\u00e3o dos \u00f3rg\u00e3os competentes, no munic\u00edpio de Canind\u00e9 do S\u00e3o Francisco. Os flagrantes foram registrados na manh\u00e3 desse domingo (26).<\/p>\n\n\n\n<figure class=\"wp-block-image size-large\"><img loading=\"lazy\" decoding=\"async\" width=\"560\" height=\"374\" src=\"https:\/\/senoticias.com.br\/se\/wp-content\/uploads\/2023\/02\/Policia-Militar-SE-Noticias.jpg\" alt=\"\" class=\"wp-image-136066\" srcset=\"https:\/\/senoticias.com.br\/se\/wp-content\/uploads\/2023\/02\/Policia-Militar-SE-Noticias.jpg 560w, https:\/\/senoticias.com.br\/se\/wp-content\/uploads\/2023\/02\/Policia-Militar-SE-Noticias-300x200.jpg 300w, https:\/\/senoticias.com.br\/se\/wp-content\/uploads\/2023\/02\/Policia-Militar-SE-Noticias-90x60.jpg 90w, https:\/\/senoticias.com.br\/se\/wp-content\/uploads\/2023\/02\/Policia-Militar-SE-Noticias-180x120.jpg 180w, https:\/\/senoticias.com.br\/se\/wp-content\/uploads\/2023\/02\/Policia-Militar-SE-Noticias-95x64.jpg 95w\" sizes=\"(max-width: 560px) 100vw, 560px\" \/><figcaption>Caso resultou na apreens\u00e3o de tr\u00eas armamentos e muni\u00e7\u00f5es &#8211; Foto: ascom\/PM\/SE<\/figcaption><\/figure>\n\n\n\n<p>Segundo informa\u00e7\u00f5es levantadas, durante a realiza\u00e7\u00e3o da Opera\u00e7\u00e3o Carrancas, que contou com equipes da Pol\u00edcia Militar e do Ibama, os suspeitos foram abordados no Povoado Curituba.<\/p>\n\n\n\n<p>Ainda no flagrante, a PM apreendeu duas espingardas, um rev\u00f3lver calibre .32 e sete muni\u00e7\u00f5es. Al\u00e9m dos armamentos, foram encontrados v\u00e1rios animais silvestres abatidos e uma trouxa de maconha.<\/p>\n\n\n\n<p>Os suspeitos receberam voz de pris\u00e3o e foram encaminhados \u00e0 delegacia da regi\u00e3o, com os materiais apreendidos, para o prosseguimento das medidas legais.<\/p>\n\n\n\n<p><em><strong>Acompanhe tamb\u00e9m o SE Not\u00edcias no\u00a0<a rel=\"noreferrer noopener\" href=\"https:\/\/twitter.com\/Senoticias\" target=\"_blank\">Twitter<\/a>,\u00a0<a rel=\"noreferrer noopener\" href=\"https:\/\/www.facebook.com\/senoticias1\" target=\"_blank\">Facebook<\/a>\u00a0e no\u00a0<a rel=\"noreferrer noopener\" href=\"https:\/\/www.instagram.com\/senoticias\/\" target=\"_blank\">Instagram<\/a><\/strong><\/em><\/p>\n\n\n\n<p>Com informa\u00e7\u00f5es da Ascom PM\/SE<\/p>\n","protected":false},"excerpt":{"rendered":"<p>Policiais militares do Pelot\u00e3o de Pol\u00edcia Ambiental (PPAmb), em a\u00e7\u00e3o conjunta com agentes do Ibama, prenderam tr\u00eas homens por porte ilegal de arma de fogo e ca\u00e7a de animais silvestres sem autoriza\u00e7\u00e3o dos \u00f3rg\u00e3os competentes, no munic\u00edpio de Canind\u00e9 do S\u00e3o Francisco. Os flagrantes foram registrados na manh\u00e3 desse domingo (26). Segundo informa\u00e7\u00f5es levantadas, durante [&hellip;]<\/p>\n","protected":false},"author":6557,"featured_media":0,"comment_status":"closed","ping_status":"closed","sticky":false,"template":"","format":"standard","meta":{"footnotes":""},"categories":[15,7,1],"tags":[597,7987],"class_list":{"0":"post-136065","1":"post","2":"type-post","3":"status-publish","4":"format-standard","6":"category-destaques","7":"category-policia","8":"category-sem-categoria","9":"tag-caninde-do-sao-francisco","10":"tag-pelotao-de-policia-ambiental"},"_links":{"self":[{"href":"https:\/\/senoticias.com.br\/se\/wp-json\/wp\/v2\/posts\/136065"}],"collection":[{"href":"https:\/\/senoticias.com.br\/se\/wp-json\/wp\/v2\/posts"}],"about":[{"href":"https:\/\/senoticias.com.br\/se\/wp-json\/wp\/v2\/types\/post"}],"author":[{"embeddable":true,"href":"https:\/\/senoticias.com.br\/se\/wp-json\/wp\/v2\/users\/6557"}],"replies":[{"embeddable":true,"href":"https:\/\/senoticias.com.br\/se\/wp-json\/wp\/v2\/comments?post=136065"}],"version-history":[{"count":0,"href":"https:\/\/senoticias.com.br\/se\/wp-json\/wp\/v2\/posts\/136065\/revisions"}],"wp:attachment":[{"href":"https:\/\/senoticias.com.br\/se\/wp-json\/wp\/v2\/media?parent=136065"}],"wp:term":[{"taxonomy":"category","embeddable":true,"href":"https:\/\/senoticias.com.br\/se\/wp-json\/wp\/v2\/categories?post=136065"},{"taxonomy":"post_tag","embeddable":true,"href":"https:\/\/senoticias.com.br\/se\/wp-json\/wp\/v2\/tags?post=136065"}],"curies":[{"name":"wp","href":"https:\/\/api.w.org\/{rel}","templated":true}]}}