{"id":136062,"date":"2023-02-27T10:46:18","date_gmt":"2023-02-27T13:46:18","guid":{"rendered":"https:\/\/senoticias.com.br\/se\/?p=136062"},"modified":"2023-02-27T10:53:29","modified_gmt":"2023-02-27T13:53:29","slug":"saude-inicia-imunizacao-com-a-vacina-bivalente-contra-a-covid-19-para-grupos-prioritarios","status":"publish","type":"post","link":"https:\/\/senoticias.com.br\/se\/saude-inicia-imunizacao-com-a-vacina-bivalente-contra-a-covid-19-para-grupos-prioritarios\/","title":{"rendered":"Sa\u00fade inicia imuniza\u00e7\u00e3o com a vacina bivalente contra a Covid-19 para grupos priorit\u00e1rios"},"content":{"rendered":"\n<p>Com o intuito de reduzir casos graves e \u00f3bitos pela Covid-19, a Secretaria de Estado da Sa\u00fade (SES) iniciou a distribui\u00e7\u00e3o das 175.014 vacinas bivalentes da Pfizer aos munic\u00edpios sergipanos. A aplica\u00e7\u00e3o vai seguir as diretrizes do Plano Nacional de Vacina\u00e7\u00e3o do Minist\u00e9rio da Sa\u00fade e est\u00e1 programada para a pr\u00f3xima segunda-feira, 27, contemplando, inicialmente, os grupos priorit\u00e1rios.<\/p>\n\n\n\n<figure class=\"wp-block-image size-large\"><img loading=\"lazy\" decoding=\"async\" width=\"592\" height=\"384\" src=\"https:\/\/senoticias.com.br\/se\/wp-content\/uploads\/2023\/02\/Vacinas-SE-Noticias.jpeg\" alt=\"\" class=\"wp-image-136064\" srcset=\"https:\/\/senoticias.com.br\/se\/wp-content\/uploads\/2023\/02\/Vacinas-SE-Noticias.jpeg 592w, https:\/\/senoticias.com.br\/se\/wp-content\/uploads\/2023\/02\/Vacinas-SE-Noticias-300x195.jpeg 300w, https:\/\/senoticias.com.br\/se\/wp-content\/uploads\/2023\/02\/Vacinas-SE-Noticias-190x122.jpeg 190w\" sizes=\"(max-width: 592px) 100vw, 592px\" \/><figcaption>O in\u00edcio da vacina\u00e7\u00e3o est\u00e1 programado para esta segunda-feira, 27 &#8211; Foto: arquivo\/SES<\/figcaption><\/figure>\n\n\n\n<p>Neste primeiro momento, os grupos estabelecidos para receberem a vacina s\u00e3o pessoas acima de 70 anos; pessoas que vivem em institui\u00e7\u00f5es de longa perman\u00eancia a partir de 12 anos (ILPI e RI) e trabalhadores desses locais; pacientes imunocomprometidos acima de 12 anos; ind\u00edgenas; ribeirinhos e quilombolas a partir de 12 anos de idade.<\/p>\n\n\n\n<p>De acordo com o diretor de Vigil\u00e2ncia em Sa\u00fade da SES, Marco Aur\u00e9lio Goes, o novo lote serve como refor\u00e7o dos grupos vulner\u00e1veis. \u201cNesse novo momento da vacina\u00e7\u00e3o, temos a introdu\u00e7\u00e3o da vacina bivalente como um refor\u00e7o dos grupos vulner\u00e1veis. Estamos distribuindo para todas as regionais de sa\u00fade, para que os munic\u00edpios sergipanos possam iniciar a campanha de vacina\u00e7\u00e3o dessa dose de refor\u00e7o\u201d, explica o infectologista.<\/p>\n\n\n\n<p>No total, a popula\u00e7\u00e3o alvo da primeira fase \u00e9 de 143.102 pessoas. A meta \u00e9 alcan\u00e7ar 90% da cobertura vacinal. Todos os grupos priorit\u00e1rios dever\u00e3o receber uma dose de refor\u00e7o com a vacina bivalente da Pfizer. Al\u00e9m disso, o recebimento do refor\u00e7o com a vacina bivalente para os grupos priorit\u00e1rios est\u00e1 condicionado \u00e0 exist\u00eancia de esquema prim\u00e1rio (b\u00e1sico) completo (duas doses) com vacina monovalente.<\/p>\n\n\n\n<p><strong>Cronograma vacinal<\/strong><\/p>\n\n\n\n<p>A segunda fase est\u00e1 prevista para 06 de mar\u00e7o, com a vacina\u00e7\u00e3o de pessoas de 60 a 69 anos. A terceira fase para o dia 20 de mar\u00e7o, com as gestantes e pu\u00e9rperas, enquanto que a quarta fase est\u00e1 prevista para o dia 17 de abril e vai contemplar os trabalhadores da sa\u00fade, pessoas com defici\u00eancia permanente (a partir de 12 anos), popula\u00e7\u00e3o privada de liberdade (a partir de 18 anos), adolescentes cumprindo medidas socioeducativas (menores de 18 anos) e funcion\u00e1rios do sistema prisional.<\/p>\n\n\n\n<p><em><strong>Acompanhe tamb\u00e9m o SE Not\u00edcias no\u00a0<a rel=\"noreferrer noopener\" href=\"https:\/\/twitter.com\/Senoticias\" target=\"_blank\">Twitter<\/a>,\u00a0<a rel=\"noreferrer noopener\" href=\"https:\/\/www.facebook.com\/senoticias1\" target=\"_blank\">Facebook<\/a>\u00a0e no\u00a0<a rel=\"noreferrer noopener\" href=\"https:\/\/www.instagram.com\/senoticias\/\" target=\"_blank\">Instagram<\/a><\/strong><\/em><\/p>\n\n\n\n<p>Fonte: SES<\/p>\n","protected":false},"excerpt":{"rendered":"<p>Com o intuito de reduzir casos graves e \u00f3bitos pela Covid-19, a Secretaria de Estado da Sa\u00fade (SES) iniciou a distribui\u00e7\u00e3o das 175.014 vacinas bivalentes da Pfizer aos munic\u00edpios sergipanos. A aplica\u00e7\u00e3o vai seguir as diretrizes do Plano Nacional de Vacina\u00e7\u00e3o do Minist\u00e9rio da Sa\u00fade e est\u00e1 programada para a pr\u00f3xima segunda-feira, 27, contemplando, inicialmente, [&hellip;]<\/p>\n","protected":false},"author":6557,"featured_media":0,"comment_status":"closed","ping_status":"closed","sticky":false,"template":"","format":"standard","meta":{"footnotes":""},"categories":[15,6,1],"tags":[6385,14122],"class_list":{"0":"post-136062","1":"post","2":"type-post","3":"status-publish","4":"format-standard","6":"category-destaques","7":"category-politica","8":"category-sem-categoria","9":"tag-secretaria-de-estado-da-saude","10":"tag-vigilancia-em-saude"},"_links":{"self":[{"href":"https:\/\/senoticias.com.br\/se\/wp-json\/wp\/v2\/posts\/136062"}],"collection":[{"href":"https:\/\/senoticias.com.br\/se\/wp-json\/wp\/v2\/posts"}],"about":[{"href":"https:\/\/senoticias.com.br\/se\/wp-json\/wp\/v2\/types\/post"}],"author":[{"embeddable":true,"href":"https:\/\/senoticias.com.br\/se\/wp-json\/wp\/v2\/users\/6557"}],"replies":[{"embeddable":true,"href":"https:\/\/senoticias.com.br\/se\/wp-json\/wp\/v2\/comments?post=136062"}],"version-history":[{"count":0,"href":"https:\/\/senoticias.com.br\/se\/wp-json\/wp\/v2\/posts\/136062\/revisions"}],"wp:attachment":[{"href":"https:\/\/senoticias.com.br\/se\/wp-json\/wp\/v2\/media?parent=136062"}],"wp:term":[{"taxonomy":"category","embeddable":true,"href":"https:\/\/senoticias.com.br\/se\/wp-json\/wp\/v2\/categories?post=136062"},{"taxonomy":"post_tag","embeddable":true,"href":"https:\/\/senoticias.com.br\/se\/wp-json\/wp\/v2\/tags?post=136062"}],"curies":[{"name":"wp","href":"https:\/\/api.w.org\/{rel}","templated":true}]}}