{"id":136019,"date":"2023-02-22T07:44:19","date_gmt":"2023-02-22T10:44:19","guid":{"rendered":"https:\/\/senoticias.com.br\/se\/?p=136019"},"modified":"2023-02-22T07:44:23","modified_gmt":"2023-02-22T10:44:23","slug":"policia-investiga-morte-de-adolescente-de-16-anos-na-barra-dos-coqueiros","status":"publish","type":"post","link":"https:\/\/senoticias.com.br\/se\/policia-investiga-morte-de-adolescente-de-16-anos-na-barra-dos-coqueiros\/","title":{"rendered":"Pol\u00edcia investiga morte de adolescente de 16 anos na Barra dos Coqueiros"},"content":{"rendered":"\n<p>A Pol\u00edcia Civil ir\u00e1 investigar a morte de uma jovem de 16 anos no come\u00e7o da manh\u00e3 da segunda-feira (20) na Barra dos Coqueiros. Segundo as primeiras informa\u00e7\u00f5es, Stefany Andreia Santos Nascimento foi deixada na unidade hospitalar da Barra dos Coqueiros por tr\u00eas homens e a irm\u00e3 da vitima.<\/p>\n\n\n\n<figure class=\"wp-block-image size-large\"><img loading=\"lazy\" decoding=\"async\" width=\"589\" height=\"603\" src=\"https:\/\/senoticias.com.br\/se\/wp-content\/uploads\/2023\/02\/Jovem-morta-na-Barra-SE-Noticias.png\" alt=\"\" class=\"wp-image-136020\" srcset=\"https:\/\/senoticias.com.br\/se\/wp-content\/uploads\/2023\/02\/Jovem-morta-na-Barra-SE-Noticias.png 589w, https:\/\/senoticias.com.br\/se\/wp-content\/uploads\/2023\/02\/Jovem-morta-na-Barra-SE-Noticias-293x300.png 293w\" sizes=\"(max-width: 589px) 100vw, 589px\" \/><figcaption>Segundo a SSP\/SE, a v\u00edtima foi levada ao Hospital de Pequeno Porte Santa Luzia, na cidade, por tr\u00eas homens e a irm\u00e3 &#8211; Foto: arquivo \/ fam\u00edlia<\/figcaption><\/figure>\n\n\n\n<p>De a acordo com a a Secretaria de Seguran\u00e7a P\u00fablica, a v\u00edtima  a v\u00edtima foi levada ao Hospital de Pequeno Porte Santa Luzia, na cidade, por tr\u00eas homens e a irm\u00e3, ap\u00f3s se sentir mal pr\u00f3ximo \u00e0 resid\u00eancia alugada para os dias de Carnaval. A Pol\u00edcia Militar refor\u00e7ou que a ocorr\u00eancia n\u00e3o aconteceu durante os shows na pra\u00e7a de eventos da Barra dos Coqueiros ou durante os arrast\u00f5es. A pol\u00edcia foi informada sobre a situa\u00e7\u00e3o depois da condu\u00e7\u00e3o \u00e0 unidade hospitalar e n\u00e3o houve registro feito pelo 190.<\/p>\n\n\n\n<p>Segundo a Secretaria de Sa\u00fade do munic\u00edpio, a v\u00edtima chegou ao Hospital de Pequeno Porte Santa Luzia por volta de 5h30 apresentando o quadro de extremidades frias e cian\u00f3ticas, sem pulsos centrais e\/ou perif\u00e9ricos e midr\u00edases. Toda a tentativa de reanima-la foi feita, mas sem \u00eaxito.<\/p>\n\n\n\n<p>No Instituto M\u00e9dico Legal, foi verificado que n\u00e3o havia nenhuma les\u00e3o externa suficiente para ter provocado a morte da jovem. Por isso, segundo a dire\u00e7\u00e3o do IML, foi coletado material biol\u00f3gico para an\u00e1lises importantes durante o inqu\u00e9rito policial. As investiga\u00e7\u00f5es ser\u00e3o mantidas para descobrir em quais circunst\u00e2ncias aconteceu a morte de Stefany. Qualquer informa\u00e7\u00e3o pode ser repassada pelo Disque Den\u00fancia 181.<\/p>\n\n\n\n<p><strong>V\u00eddeo<\/strong> &#8211; Ainda \u00e9 importante esclarecer sobre um v\u00eddeo que circulou rapidamente em redes sociais nesta ter\u00e7a-feira (21), que mostra uma jovem gravemente ferida, com muito sangue, em uma rua e sendo socorrida. O v\u00eddeo foi espalhado e atribu\u00eddo imediatamente \u00e0 morte de Stefany, mas o fato aconteceu em Recife e a v\u00edtima estaria participando da folia no bairro Casa Amarela quando foi morta no domingo (19).<\/p>\n\n\n\n<p><em><strong>Acompanhe tamb\u00e9m o SE Not\u00edcias no\u00a0<a rel=\"noreferrer noopener\" href=\"https:\/\/twitter.com\/Senoticias\" target=\"_blank\">Twitter<\/a>,\u00a0<a rel=\"noreferrer noopener\" href=\"https:\/\/www.facebook.com\/senoticias1\" target=\"_blank\">Facebook<\/a>\u00a0e no\u00a0<a rel=\"noreferrer noopener\" href=\"https:\/\/www.instagram.com\/senoticias\/\" target=\"_blank\">Instagram<\/a><\/strong><\/em><\/p>\n\n\n\n<p>por ascom\/SSP\/SE<\/p>\n","protected":false},"excerpt":{"rendered":"<p>A Pol\u00edcia Civil ir\u00e1 investigar a morte de uma jovem de 16 anos no come\u00e7o da manh\u00e3 da segunda-feira (20) na Barra dos Coqueiros. Segundo as primeiras informa\u00e7\u00f5es, Stefany Andreia Santos Nascimento foi deixada na unidade hospitalar da Barra dos Coqueiros por tr\u00eas homens e a irm\u00e3 da vitima. De a acordo com a a [&hellip;]<\/p>\n","protected":false},"author":6557,"featured_media":0,"comment_status":"closed","ping_status":"closed","sticky":false,"template":"","format":"standard","meta":{"footnotes":""},"categories":[15,7],"tags":[3141,38337,78],"class_list":{"0":"post-136019","1":"post","2":"type-post","3":"status-publish","4":"format-standard","6":"category-destaques","7":"category-policia","8":"tag-barra-dos-coqueiros","9":"tag-jovem-morta-na-barra-dos-coqueiros","10":"tag-policia-civil"},"_links":{"self":[{"href":"https:\/\/senoticias.com.br\/se\/wp-json\/wp\/v2\/posts\/136019"}],"collection":[{"href":"https:\/\/senoticias.com.br\/se\/wp-json\/wp\/v2\/posts"}],"about":[{"href":"https:\/\/senoticias.com.br\/se\/wp-json\/wp\/v2\/types\/post"}],"author":[{"embeddable":true,"href":"https:\/\/senoticias.com.br\/se\/wp-json\/wp\/v2\/users\/6557"}],"replies":[{"embeddable":true,"href":"https:\/\/senoticias.com.br\/se\/wp-json\/wp\/v2\/comments?post=136019"}],"version-history":[{"count":0,"href":"https:\/\/senoticias.com.br\/se\/wp-json\/wp\/v2\/posts\/136019\/revisions"}],"wp:attachment":[{"href":"https:\/\/senoticias.com.br\/se\/wp-json\/wp\/v2\/media?parent=136019"}],"wp:term":[{"taxonomy":"category","embeddable":true,"href":"https:\/\/senoticias.com.br\/se\/wp-json\/wp\/v2\/categories?post=136019"},{"taxonomy":"post_tag","embeddable":true,"href":"https:\/\/senoticias.com.br\/se\/wp-json\/wp\/v2\/tags?post=136019"}],"curies":[{"name":"wp","href":"https:\/\/api.w.org\/{rel}","templated":true}]}}