{"id":136013,"date":"2023-02-21T14:51:40","date_gmt":"2023-02-21T17:51:40","guid":{"rendered":"https:\/\/senoticias.com.br\/se\/?p=136013"},"modified":"2023-02-21T14:51:45","modified_gmt":"2023-02-21T17:51:45","slug":"operacao-de-transito-da-policia-militar-flagra-sete-condutores-por-direcao-veicular-sob-o-efeito-de-bebidas-alcoolicas-no-carnaval","status":"publish","type":"post","link":"https:\/\/senoticias.com.br\/se\/operacao-de-transito-da-policia-militar-flagra-sete-condutores-por-direcao-veicular-sob-o-efeito-de-bebidas-alcoolicas-no-carnaval\/","title":{"rendered":"Opera\u00e7\u00e3o de tr\u00e2nsito da Pol\u00edcia Militar flagra sete condutores por dire\u00e7\u00e3o veicular sob o efeito de bebidas alco\u00f3licas no Carnaval"},"content":{"rendered":"\n<p>A opera\u00e7\u00e3o de tr\u00e2nsito da Pol\u00edcia Militar para o Carnaval j\u00e1 contabilizou mais de 1.506 abordagens a ve\u00edculos nas vias da Grande Aracaju e do interior sergipano. Como resultado das a\u00e7\u00f5es desenvolvidas pela Companhia de Policiamento de Tr\u00e2nsito (CPTran) e do Batalh\u00e3o de Pol\u00edcia Rodovi\u00e1ria (BPRv), foram registradas 198 autua\u00e7\u00f5es. J\u00e1 com rela\u00e7\u00e3o \u00e0 combina\u00e7\u00e3o \u00e1lcool e dire\u00e7\u00e3o, sete condutores foram flagrados pelas equipes de pol\u00edcia de tr\u00e2nsito em Sergipe.<\/p>\n\n\n\n<figure class=\"wp-block-image size-large\"><img loading=\"lazy\" decoding=\"async\" width=\"560\" height=\"374\" src=\"https:\/\/senoticias.com.br\/se\/wp-content\/uploads\/2023\/02\/Operacao-Lei-Seca-no-Carnaval-SE-Noticias.jpg\" alt=\"\" class=\"wp-image-136014\" srcset=\"https:\/\/senoticias.com.br\/se\/wp-content\/uploads\/2023\/02\/Operacao-Lei-Seca-no-Carnaval-SE-Noticias.jpg 560w, https:\/\/senoticias.com.br\/se\/wp-content\/uploads\/2023\/02\/Operacao-Lei-Seca-no-Carnaval-SE-Noticias-300x200.jpg 300w, https:\/\/senoticias.com.br\/se\/wp-content\/uploads\/2023\/02\/Operacao-Lei-Seca-no-Carnaval-SE-Noticias-90x60.jpg 90w, https:\/\/senoticias.com.br\/se\/wp-content\/uploads\/2023\/02\/Operacao-Lei-Seca-no-Carnaval-SE-Noticias-180x120.jpg 180w, https:\/\/senoticias.com.br\/se\/wp-content\/uploads\/2023\/02\/Operacao-Lei-Seca-no-Carnaval-SE-Noticias-95x64.jpg 95w\" sizes=\"(max-width: 560px) 100vw, 560px\" \/><figcaption>Segundo as equipes da CPTran e do BPRv, n\u00e3o houve registro de acidentes fatais no estado &#8211; Foto: arquivo\/PM\/SE<\/figcaption><\/figure>\n\n\n\n<p>Ainda no per\u00edodo carnavalesco, at\u00e9 esta ter\u00e7a-feira (21), as equipes da CPTran e do BPRv tamb\u00e9m contabilizaram 17 acidentes de tr\u00e2nsito, dos quais 11 tiveram v\u00edtimas, por\u00e9m sem o registro de mortos.<\/p>\n\n\n\n<p>O comandante da CPTran, tenente-coronel Gustavo Melo de Matos, destacou que o foco da atua\u00e7\u00e3o do policiamento de tr\u00e2nsito est\u00e1 indo al\u00e9m da confer\u00eancia da validade dos documentos. &#8220;N\u00f3s estados utilizando o etil\u00f4metro para aplicarmos os testes do baf\u00f4metro. Os condutores que insistirem em conduzir ve\u00edculos sob o efeito de bebidas alco\u00f3licas est\u00e3o sendo identificados e responsabilizados\u201d, ressaltou.<\/p>\n\n\n\n<p>J\u00e1 do ponto de vista documental, o comandante da CPTran concluiu ressaltando que todos os ve\u00edculos precisam estar com o licenciamento do ano passado regularizado para a circula\u00e7\u00e3o nas vias de todo o estado. \u201cAtentar-se para a quest\u00e3o documental tamb\u00e9m \u00e9 fundamental, pois todos os ve\u00edculos precisam estar com o licenciamento 2022 regularizado\u201d, pontuou o tenente-coronel Gustavo Melo de Matos.<\/p>\n\n\n\n<p><em><strong>Acompanhe tamb\u00e9m o SE Not\u00edcias no\u00a0<a rel=\"noreferrer noopener\" href=\"https:\/\/twitter.com\/Senoticias\" target=\"_blank\">Twitter<\/a>,\u00a0<a rel=\"noreferrer noopener\" href=\"https:\/\/www.facebook.com\/senoticias1\" target=\"_blank\">Facebook<\/a>\u00a0e no\u00a0<a rel=\"noreferrer noopener\" href=\"https:\/\/www.instagram.com\/senoticias\/\" target=\"_blank\">Instagram<\/a><\/strong><\/em><\/p>\n\n\n\n<p>Fonte: SSP\/SE<\/p>\n","protected":false},"excerpt":{"rendered":"<p>A opera\u00e7\u00e3o de tr\u00e2nsito da Pol\u00edcia Militar para o Carnaval j\u00e1 contabilizou mais de 1.506 abordagens a ve\u00edculos nas vias da Grande Aracaju e do interior sergipano. Como resultado das a\u00e7\u00f5es desenvolvidas pela Companhia de Policiamento de Tr\u00e2nsito (CPTran) e do Batalh\u00e3o de Pol\u00edcia Rodovi\u00e1ria (BPRv), foram registradas 198 autua\u00e7\u00f5es. J\u00e1 com rela\u00e7\u00e3o \u00e0 combina\u00e7\u00e3o [&hellip;]<\/p>\n","protected":false},"author":6557,"featured_media":0,"comment_status":"closed","ping_status":"closed","sticky":false,"template":"","format":"standard","meta":{"footnotes":""},"categories":[15,7],"tags":[2036,38330,631,38331,9497,38332],"class_list":{"0":"post-136013","1":"post","2":"type-post","3":"status-publish","4":"format-standard","6":"category-destaques","7":"category-policia","8":"tag-bprv","9":"tag-comandante-da-cptran","10":"tag-cptran","11":"tag-etilometro","12":"tag-lei-seca","13":"tag-operacao-de-transito-da-policia-militar"},"_links":{"self":[{"href":"https:\/\/senoticias.com.br\/se\/wp-json\/wp\/v2\/posts\/136013"}],"collection":[{"href":"https:\/\/senoticias.com.br\/se\/wp-json\/wp\/v2\/posts"}],"about":[{"href":"https:\/\/senoticias.com.br\/se\/wp-json\/wp\/v2\/types\/post"}],"author":[{"embeddable":true,"href":"https:\/\/senoticias.com.br\/se\/wp-json\/wp\/v2\/users\/6557"}],"replies":[{"embeddable":true,"href":"https:\/\/senoticias.com.br\/se\/wp-json\/wp\/v2\/comments?post=136013"}],"version-history":[{"count":0,"href":"https:\/\/senoticias.com.br\/se\/wp-json\/wp\/v2\/posts\/136013\/revisions"}],"wp:attachment":[{"href":"https:\/\/senoticias.com.br\/se\/wp-json\/wp\/v2\/media?parent=136013"}],"wp:term":[{"taxonomy":"category","embeddable":true,"href":"https:\/\/senoticias.com.br\/se\/wp-json\/wp\/v2\/categories?post=136013"},{"taxonomy":"post_tag","embeddable":true,"href":"https:\/\/senoticias.com.br\/se\/wp-json\/wp\/v2\/tags?post=136013"}],"curies":[{"name":"wp","href":"https:\/\/api.w.org\/{rel}","templated":true}]}}