{"id":135846,"date":"2023-02-07T11:50:56","date_gmt":"2023-02-07T14:50:56","guid":{"rendered":"https:\/\/senoticias.com.br\/se\/?p=135846"},"modified":"2023-02-07T11:51:05","modified_gmt":"2023-02-07T14:51:05","slug":"jornalista-anderson-barbosa-e-vitima-de-acidente-de-transito-em-aracaju","status":"publish","type":"post","link":"https:\/\/senoticias.com.br\/se\/jornalista-anderson-barbosa-e-vitima-de-acidente-de-transito-em-aracaju\/","title":{"rendered":"Jornalista Anderson Barbosa \u00e9 v\u00edtima de acidente de tr\u00e2nsito em Aracaju"},"content":{"rendered":"\n<p>Nas primeiras horas da manh\u00e3 desta ter\u00e7a-feira, 7, uma colis\u00e3o entre dois ve\u00edculos aconteceu no cruzamento entre as avenidas Gon\u00e7alo Rollemberg e Augusto Franco, no bairro Luzia, em Aracaju.<\/p>\n\n\n\n<figure class=\"wp-block-image size-large\"><img loading=\"lazy\" decoding=\"async\" width=\"599\" height=\"325\" src=\"https:\/\/senoticias.com.br\/se\/wp-content\/uploads\/2023\/02\/acidente-senoticias-e1675781296497.jpg\" alt=\"\" class=\"wp-image-135847\"\/><figcaption>\nA Superintend\u00eancia Municipal de Transporte e Tr\u00e2nsito (SMTT) esteve no local para dar suporte.\n<\/figcaption><\/figure>\n\n\n\n<p>Um carro Fiat Palio, conduzido pelo jornalista da TV Sergipe, Anderson Barbosa, foi atingido em cheio por outro ve\u00edculo, um Cross Fox, que, segundo informa\u00e7\u00f5es de pessoas que estavam no local, avan\u00e7ou o sem\u00e1foro e foi o respons\u00e1vel pelo acidente. O ve\u00edculo de Anderson acabou subindo no canteiro central da avenida.<\/p>\n\n\n\n<p>Com a colis\u00e3o, houve o acionamento do air bag e o jornalista precisou ser encaminhado a um hospital particular de Aracaju. Ele foi v\u00edtima de um corte na cabe\u00e7a e uma pancada na clav\u00edcula. Seu quadro de sa\u00fade \u00e9 considerado est\u00e1vel e ele deve ser encaminhado para repouso em sua resid\u00eancia. Segundo populares que prestaram os primeiros socorros, o Servi\u00e7o de Atendimento M\u00f3vel de Urg\u00eancia (Samu) demorou cerca de 55 minutos para chegar ao local.<\/p>\n\n\n\n<p>A Superintend\u00eancia Municipal de Transporte e Tr\u00e2nsito (SMTT) esteve no local para dar suporte.<\/p>\n\n\n\n<p><em><strong>Acompanhe tamb\u00e9m o SE Not\u00edcias no\u00a0<a rel=\"noreferrer noopener\" href=\"https:\/\/twitter.com\/Senoticias\" target=\"_blank\">Twitter<\/a>,\u00a0<a rel=\"noreferrer noopener\" href=\"https:\/\/www.facebook.com\/senoticias1\" target=\"_blank\">Facebook<\/a>\u00a0e no\u00a0<a rel=\"noreferrer noopener\" href=\"https:\/\/www.instagram.com\/senoticias\/\" target=\"_blank\">Instagram<\/a><\/strong><\/em><\/p>\n\n\n\n<p>Fonte: Fan F1<\/p>\n","protected":false},"excerpt":{"rendered":"<p>Nas primeiras horas da manh\u00e3 desta ter\u00e7a-feira, 7, uma colis\u00e3o entre dois ve\u00edculos aconteceu no cruzamento entre as avenidas Gon\u00e7alo Rollemberg e Augusto Franco, no bairro Luzia, em Aracaju. Um carro Fiat Palio, conduzido pelo jornalista da TV Sergipe, Anderson Barbosa, foi atingido em cheio por outro ve\u00edculo, um Cross Fox, que, segundo informa\u00e7\u00f5es de [&hellip;]<\/p>\n","protected":false},"author":6557,"featured_media":0,"comment_status":"closed","ping_status":"closed","sticky":false,"template":"","format":"standard","meta":{"footnotes":""},"categories":[15,7],"tags":[38208,38207,2979],"class_list":{"0":"post-135846","1":"post","2":"type-post","3":"status-publish","4":"format-standard","6":"category-destaques","7":"category-policia","8":"tag-acidente-de-transito-3","9":"tag-jornalista-anderson-barbosa","10":"tag-smtt"},"_links":{"self":[{"href":"https:\/\/senoticias.com.br\/se\/wp-json\/wp\/v2\/posts\/135846"}],"collection":[{"href":"https:\/\/senoticias.com.br\/se\/wp-json\/wp\/v2\/posts"}],"about":[{"href":"https:\/\/senoticias.com.br\/se\/wp-json\/wp\/v2\/types\/post"}],"author":[{"embeddable":true,"href":"https:\/\/senoticias.com.br\/se\/wp-json\/wp\/v2\/users\/6557"}],"replies":[{"embeddable":true,"href":"https:\/\/senoticias.com.br\/se\/wp-json\/wp\/v2\/comments?post=135846"}],"version-history":[{"count":0,"href":"https:\/\/senoticias.com.br\/se\/wp-json\/wp\/v2\/posts\/135846\/revisions"}],"wp:attachment":[{"href":"https:\/\/senoticias.com.br\/se\/wp-json\/wp\/v2\/media?parent=135846"}],"wp:term":[{"taxonomy":"category","embeddable":true,"href":"https:\/\/senoticias.com.br\/se\/wp-json\/wp\/v2\/categories?post=135846"},{"taxonomy":"post_tag","embeddable":true,"href":"https:\/\/senoticias.com.br\/se\/wp-json\/wp\/v2\/tags?post=135846"}],"curies":[{"name":"wp","href":"https:\/\/api.w.org\/{rel}","templated":true}]}}