{"id":135836,"date":"2023-02-06T17:17:08","date_gmt":"2023-02-06T20:17:08","guid":{"rendered":"https:\/\/senoticias.com.br\/se\/?p=135836"},"modified":"2023-02-06T17:19:53","modified_gmt":"2023-02-06T20:19:53","slug":"corpo-de-bombeiros-realizou-213-atendimentos-durante-o-final-de-semana","status":"publish","type":"post","link":"https:\/\/senoticias.com.br\/se\/corpo-de-bombeiros-realizou-213-atendimentos-durante-o-final-de-semana\/","title":{"rendered":"Corpo de Bombeiros realizou 213 atendimentos durante o final de semana"},"content":{"rendered":"\n<p>O Corpo de Bombeiros realizou 213 atendimentos durante o final de semana. Entre as ocorr\u00eancias, um princ\u00edpio de inc\u00eandio em resid\u00eancia e dois graves acidentes de tr\u00e2nsito, com colis\u00f5es carro\/poste e v\u00edtimas presas \u00e0s ferragens, em Aracaju. No per\u00edodo, especificamente no s\u00e1bado (4), um homem foi a \u00f3bito por afogamento na Praia do Saco, em Est\u00e2ncia.<\/p>\n\n\n\n<p>O Grupamento de Busca e Salvamento (GBS) realizou nas praias de Aracaju 128 atendimentos. Foram 122 preven\u00e7\u00f5es, com orienta\u00e7\u00f5es a banhistas em locais de risco, tr\u00eas resgates de pessoas que n\u00e3o conseguiam sair sozinhas da \u00e1gua, duas crian\u00e7as perdidas e um atendimento pr\u00e9-hospitalar por conta de \u00e1gua-viva.<\/p>\n\n\n\n<figure class=\"wp-block-image size-large\"><img loading=\"lazy\" decoding=\"async\" width=\"589\" height=\"279\" src=\"https:\/\/senoticias.com.br\/se\/wp-content\/uploads\/2023\/02\/Corpo-de-Bombeiros-SE-Noticias.jpeg\" alt=\"\" class=\"wp-image-135837\" srcset=\"https:\/\/senoticias.com.br\/se\/wp-content\/uploads\/2023\/02\/Corpo-de-Bombeiros-SE-Noticias.jpeg 589w, https:\/\/senoticias.com.br\/se\/wp-content\/uploads\/2023\/02\/Corpo-de-Bombeiros-SE-Noticias-300x142.jpeg 300w\" sizes=\"(max-width: 589px) 100vw, 589px\" \/><figcaption>Segundo o Corpo de Bombeiros, foram atendidas 34 ocorr\u00eancias de busca e salvamento &#8211; Foto: CBMSE<\/figcaption><\/figure>\n\n\n\n<p>O princ\u00edpio de inc\u00eandio aconteceu no s\u00e1bado por volta das 19 horas, no bairro Jabotiana, sem v\u00edtimas. J\u00e1 as duas colis\u00f5es carro\/poste ocorreram no domingo (5). Uma na madrugada, por volta de 1h30, no bairro Orlando Dantas, com duas v\u00edtimas presas \u00e0 ferragens resgatadas pelo Corpo de Bombeiros. A outra foi por volta das 11h30, no cruzamento das avenidas Desembargador Maynard e com Rio de Janeiro, com uma v\u00edtima resgatada em estado grave.<\/p>\n\n\n\n<p>No total, foram atendidas 34 ocorr\u00eancias de busca e salvamento, 26 orienta\u00e7\u00f5es via Ciosp, 13 inc\u00eandios em vegeta\u00e7\u00e3o, cinco inc\u00eandios urbanos, quatro acidentes automobil\u00edsticos, tr\u00eas atendimentos pr\u00e9-hospitalares e uma a\u00e7\u00e3o de defesa civil.<\/p>\n\n\n\n<p><em><strong>Acompanhe tamb\u00e9m o SE Not\u00edcias no\u00a0<a rel=\"noreferrer noopener\" href=\"https:\/\/twitter.com\/Senoticias\" target=\"_blank\">Twitter<\/a>,\u00a0<a rel=\"noreferrer noopener\" href=\"https:\/\/www.facebook.com\/senoticias1\" target=\"_blank\">Facebook<\/a>\u00a0e no\u00a0<a rel=\"noreferrer noopener\" href=\"https:\/\/www.instagram.com\/senoticias\/\" target=\"_blank\">Instagram<\/a><\/strong><\/em><\/p>\n\n\n\n<p>Com informa\u00e7\u00f5es da Ascom CBMSE<\/p>\n","protected":false},"excerpt":{"rendered":"<p>O Corpo de Bombeiros realizou 213 atendimentos durante o final de semana. Entre as ocorr\u00eancias, um princ\u00edpio de inc\u00eandio em resid\u00eancia e dois graves acidentes de tr\u00e2nsito, com colis\u00f5es carro\/poste e v\u00edtimas presas \u00e0s ferragens, em Aracaju. No per\u00edodo, especificamente no s\u00e1bado (4), um homem foi a \u00f3bito por afogamento na Praia do Saco, em [&hellip;]<\/p>\n","protected":false},"author":6557,"featured_media":0,"comment_status":"closed","ping_status":"closed","sticky":false,"template":"","format":"standard","meta":{"footnotes":""},"categories":[15,6,1],"tags":[8283,5777,539,38205],"class_list":{"0":"post-135836","1":"post","2":"type-post","3":"status-publish","4":"format-standard","6":"category-destaques","7":"category-politica","8":"category-sem-categoria","9":"tag-acidentes-de-transito","10":"tag-afogamento","11":"tag-corpo-de-bombeiros","12":"tag-grupamento-de-busca-e-salvamento"},"_links":{"self":[{"href":"https:\/\/senoticias.com.br\/se\/wp-json\/wp\/v2\/posts\/135836"}],"collection":[{"href":"https:\/\/senoticias.com.br\/se\/wp-json\/wp\/v2\/posts"}],"about":[{"href":"https:\/\/senoticias.com.br\/se\/wp-json\/wp\/v2\/types\/post"}],"author":[{"embeddable":true,"href":"https:\/\/senoticias.com.br\/se\/wp-json\/wp\/v2\/users\/6557"}],"replies":[{"embeddable":true,"href":"https:\/\/senoticias.com.br\/se\/wp-json\/wp\/v2\/comments?post=135836"}],"version-history":[{"count":0,"href":"https:\/\/senoticias.com.br\/se\/wp-json\/wp\/v2\/posts\/135836\/revisions"}],"wp:attachment":[{"href":"https:\/\/senoticias.com.br\/se\/wp-json\/wp\/v2\/media?parent=135836"}],"wp:term":[{"taxonomy":"category","embeddable":true,"href":"https:\/\/senoticias.com.br\/se\/wp-json\/wp\/v2\/categories?post=135836"},{"taxonomy":"post_tag","embeddable":true,"href":"https:\/\/senoticias.com.br\/se\/wp-json\/wp\/v2\/tags?post=135836"}],"curies":[{"name":"wp","href":"https:\/\/api.w.org\/{rel}","templated":true}]}}