{"id":135832,"date":"2023-02-06T13:51:54","date_gmt":"2023-02-06T16:51:54","guid":{"rendered":"https:\/\/senoticias.com.br\/se\/?p=135832"},"modified":"2023-02-06T17:14:42","modified_gmt":"2023-02-06T20:14:42","slug":"i-simposio-de-cannabis-terapeutica-acontece-nos-dias-10-e-11-em-aracaju","status":"publish","type":"post","link":"https:\/\/senoticias.com.br\/se\/i-simposio-de-cannabis-terapeutica-acontece-nos-dias-10-e-11-em-aracaju\/","title":{"rendered":"I Simp\u00f3sio de Cannabis terap\u00eautica acontece nos dias 10 e 11 em Aracaju"},"content":{"rendered":"\n<p>A maconha \u00e9 um grande tabu no Brasil. De um lado, h\u00e1 um n\u00famero incalcul\u00e1vel de usu\u00e1rios. Do outro, o preconceito com a droga e o n\u00e3o desenvolvimento de estudos com a cannabis &#8211; seja com as pesquisas que falem a respeito da a\u00e7\u00e3o, seja sobre o seu uso medicinal \u2013 que ficam sempre prejudicadas pela cultura de um conceito pr\u00e9-formado em rela\u00e7\u00e3o a cannabis e as leis existentes no pa\u00eds.<\/p>\n\n\n\n<figure class=\"wp-block-image size-large\"><img loading=\"lazy\" decoding=\"async\" width=\"599\" height=\"484\" src=\"https:\/\/senoticias.com.br\/se\/wp-content\/uploads\/2023\/02\/WhatsApp-Image-2023-02-06-at-12.11.36-e1675701936898.jpeg\" alt=\"\" class=\"wp-image-135834\"\/><figcaption> Advogado Maur\u00edcio Lobo, que \u00e9 coordenador de Sa\u00fade P\u00fablica da Comiss\u00e3o de Direito M\u00e9dico e Sa\u00fade OAB\/SE &#8211; Foto: arquivo\/divulga\u00e7\u00e3o<\/figcaption><\/figure>\n\n\n\n<p>Para abordar os aspectos legais e jur\u00eddicos para os advogados e advogadas e discutir o assunto, vai acontecer nos <strong>dias 10 e 11 de fevereiro o 1\u00ba Simp\u00f3sio<\/strong> <strong>de<\/strong> <strong>Cannabis Terap\u00eautica<\/strong>. O evento ocorrer\u00e1 na Caixa de Assist\u00eancia dos Advogados de Sergipe (Caase) e tem presen\u00e7a confirmada do neurocientista Sidarta Ribeiro, que estar\u00e1 ministrando Aula Magna aos participantes, do advogado Maur\u00edcio Lobo, que \u00e9 coordenador de Sa\u00fade P\u00fablica da Comiss\u00e3o de Direito M\u00e9dico e Sa\u00fade OAB\/SE, al\u00e9m de profissionais renomados do cen\u00e1rio can\u00e1bico brasileiro como o m\u00e9dico Pedro Mello, a farmac\u00eautica Renata Monteiro, entre outros.<\/p>\n\n\n\n<p>Direcionado aos profissionais do Direito, m\u00e9dicos, psic\u00f3logos, farmac\u00eauticos, veterin\u00e1rios, odont\u00f3logos, cultivadores, estudantes e pacientes, o evento cient\u00edfico abriu o 1\u00ba Lote e a Advocacia pode se inscrever com um pre\u00e7o especial.<\/p>\n\n\n\n<p>As vagas s\u00e3o limitadas. D\u00e1 para conferir programa\u00e7\u00e3o e se inscrever pelo site Sympla (<a href=\"https:\/\/www.sympla.com.br\/anandameet---i-simposio-de-cannabis-terapeutica__1844485?token=9038dd68d0bd1bfdd41543996c65aea8\">https:\/\/www.sympla.com.br\/anandameet&#8212;i-simposio-de-cannabis-terapeutica__1844485?token=9038dd68d0bd1bfdd41543996c65aea8<\/a>).<\/p>\n\n\n\n<p><em>Da assessoria de imprensa<\/em><\/p>\n\n\n\n<p><em><strong>Acompanhe tamb\u00e9m o SE Not\u00edcias no&nbsp;<a rel=\"noreferrer noopener\" href=\"https:\/\/twitter.com\/Senoticias\" target=\"_blank\">Twitter<\/a>,&nbsp;<a rel=\"noreferrer noopener\" href=\"https:\/\/www.facebook.com\/senoticias1\" target=\"_blank\">Facebook<\/a>&nbsp;e no&nbsp;<a rel=\"noreferrer noopener\" href=\"https:\/\/www.instagram.com\/senoticias\/\" target=\"_blank\">Instagram<\/a><\/strong><\/em><\/p>\n","protected":false},"excerpt":{"rendered":"<p>A maconha \u00e9 um grande tabu no Brasil. De um lado, h\u00e1 um n\u00famero incalcul\u00e1vel de usu\u00e1rios. Do outro, o preconceito com a droga e o n\u00e3o desenvolvimento de estudos com a cannabis &#8211; seja com as pesquisas que falem a respeito da a\u00e7\u00e3o, seja sobre o seu uso medicinal \u2013 que ficam sempre prejudicadas [&hellip;]<\/p>\n","protected":false},"author":6557,"featured_media":0,"comment_status":"closed","ping_status":"closed","sticky":false,"template":"","format":"standard","meta":{"footnotes":""},"categories":[15,38],"tags":[38204,36673,4075],"class_list":{"0":"post-135832","1":"post","2":"type-post","3":"status-publish","4":"format-standard","6":"category-destaques","7":"category-municipios","8":"tag-caase","9":"tag-cannabis-medicinal","10":"tag-medicina"},"_links":{"self":[{"href":"https:\/\/senoticias.com.br\/se\/wp-json\/wp\/v2\/posts\/135832"}],"collection":[{"href":"https:\/\/senoticias.com.br\/se\/wp-json\/wp\/v2\/posts"}],"about":[{"href":"https:\/\/senoticias.com.br\/se\/wp-json\/wp\/v2\/types\/post"}],"author":[{"embeddable":true,"href":"https:\/\/senoticias.com.br\/se\/wp-json\/wp\/v2\/users\/6557"}],"replies":[{"embeddable":true,"href":"https:\/\/senoticias.com.br\/se\/wp-json\/wp\/v2\/comments?post=135832"}],"version-history":[{"count":0,"href":"https:\/\/senoticias.com.br\/se\/wp-json\/wp\/v2\/posts\/135832\/revisions"}],"wp:attachment":[{"href":"https:\/\/senoticias.com.br\/se\/wp-json\/wp\/v2\/media?parent=135832"}],"wp:term":[{"taxonomy":"category","embeddable":true,"href":"https:\/\/senoticias.com.br\/se\/wp-json\/wp\/v2\/categories?post=135832"},{"taxonomy":"post_tag","embeddable":true,"href":"https:\/\/senoticias.com.br\/se\/wp-json\/wp\/v2\/tags?post=135832"}],"curies":[{"name":"wp","href":"https:\/\/api.w.org\/{rel}","templated":true}]}}