{"id":135827,"date":"2023-02-06T09:43:28","date_gmt":"2023-02-06T12:43:28","guid":{"rendered":"https:\/\/senoticias.com.br\/se\/?p=135827"},"modified":"2023-02-06T09:43:38","modified_gmt":"2023-02-06T12:43:38","slug":"defesa-civil-emite-alerta-de-chuvas-para-as-proximas-24h-em-aracaju","status":"publish","type":"post","link":"https:\/\/senoticias.com.br\/se\/defesa-civil-emite-alerta-de-chuvas-para-as-proximas-24h-em-aracaju\/","title":{"rendered":"Defesa Civil emite alerta de chuvas para as pr\u00f3ximas 24h em Aracaju"},"content":{"rendered":"\n<p> <\/p>\n\n\n\n<p>Nas primeiras horas da manh\u00e3 desta segunda-feira (06), fortes chuvas atingiram Aracaju e a regi\u00e3o metropolitana da capital. Com isso, a Defesa Civil emitiu um alerta de chuvas moderadas durante as pr\u00f3ximas 24h atrav\u00e9s do Climaju.<\/p>\n\n\n\n<figure class=\"wp-block-image size-large\"><img loading=\"lazy\" decoding=\"async\" width=\"591\" height=\"404\" src=\"https:\/\/senoticias.com.br\/se\/wp-content\/uploads\/2023\/02\/3a2c4b7e-e578-43bd-b2d6-52370a99be2c.jpg\" alt=\"\" class=\"wp-image-135828\" srcset=\"https:\/\/senoticias.com.br\/se\/wp-content\/uploads\/2023\/02\/3a2c4b7e-e578-43bd-b2d6-52370a99be2c.jpg 591w, https:\/\/senoticias.com.br\/se\/wp-content\/uploads\/2023\/02\/3a2c4b7e-e578-43bd-b2d6-52370a99be2c-300x205.jpg 300w, https:\/\/senoticias.com.br\/se\/wp-content\/uploads\/2023\/02\/3a2c4b7e-e578-43bd-b2d6-52370a99be2c-95x64.jpg 95w\" sizes=\"(max-width: 591px) 100vw, 591px\" \/><figcaption>Defesa Civil emite alerta de chuvas para as pr\u00f3ximas 24h &#8211; Foto: SE Not\u00edcias<\/figcaption><\/figure>\n\n\n\n<p>A Prefeitura de Aracaju j\u00e1 informou que as equipes da Defesa Civil est\u00e3o monitorando a situa\u00e7\u00e3o da chuva na capital e, at\u00e9 agora, j\u00e1 foi registrado um acumulado de 38mm.<\/p>\n\n\n\n<p>Segundo a prefeitura, a maior incid\u00eancia foi no bairro Santa Maria, Zona Sul da capital. E, em caso de emerg\u00eancia, deslizamentos e alagamentos a recomenda\u00e7\u00e3o \u00e9 ligar no 199.<\/p>\n\n\n\n<p><em><strong>Acompanhe tamb\u00e9m o SE Not\u00edcias no\u00a0<a rel=\"noreferrer noopener\" href=\"https:\/\/twitter.com\/Senoticias\" target=\"_blank\">Twitter<\/a>,\u00a0<a rel=\"noreferrer noopener\" href=\"https:\/\/www.facebook.com\/senoticias1\" target=\"_blank\">Facebook<\/a>\u00a0e no\u00a0<a rel=\"noreferrer noopener\" href=\"https:\/\/www.instagram.com\/senoticias\/\" target=\"_blank\">Instagram<\/a><\/strong><\/em><\/p>\n\n\n\n<p>Fonte: ascom\/Defesa Civil<\/p>\n","protected":false},"excerpt":{"rendered":"<p>Nas primeiras horas da manh\u00e3 desta segunda-feira (06), fortes chuvas atingiram Aracaju e a regi\u00e3o metropolitana da capital. Com isso, a Defesa Civil emitiu um alerta de chuvas moderadas durante as pr\u00f3ximas 24h atrav\u00e9s do Climaju. A Prefeitura de Aracaju j\u00e1 informou que as equipes da Defesa Civil est\u00e3o monitorando a situa\u00e7\u00e3o da chuva na [&hellip;]<\/p>\n","protected":false},"author":6557,"featured_media":0,"comment_status":"closed","ping_status":"closed","sticky":false,"template":"","format":"standard","meta":{"footnotes":""},"categories":[15,6],"tags":[119,6314,11172],"class_list":{"0":"post-135827","1":"post","2":"type-post","3":"status-publish","4":"format-standard","6":"category-destaques","7":"category-politica","8":"tag-chuvas","9":"tag-defesa-civil","10":"tag-previsao-de-chuvas"},"_links":{"self":[{"href":"https:\/\/senoticias.com.br\/se\/wp-json\/wp\/v2\/posts\/135827"}],"collection":[{"href":"https:\/\/senoticias.com.br\/se\/wp-json\/wp\/v2\/posts"}],"about":[{"href":"https:\/\/senoticias.com.br\/se\/wp-json\/wp\/v2\/types\/post"}],"author":[{"embeddable":true,"href":"https:\/\/senoticias.com.br\/se\/wp-json\/wp\/v2\/users\/6557"}],"replies":[{"embeddable":true,"href":"https:\/\/senoticias.com.br\/se\/wp-json\/wp\/v2\/comments?post=135827"}],"version-history":[{"count":0,"href":"https:\/\/senoticias.com.br\/se\/wp-json\/wp\/v2\/posts\/135827\/revisions"}],"wp:attachment":[{"href":"https:\/\/senoticias.com.br\/se\/wp-json\/wp\/v2\/media?parent=135827"}],"wp:term":[{"taxonomy":"category","embeddable":true,"href":"https:\/\/senoticias.com.br\/se\/wp-json\/wp\/v2\/categories?post=135827"},{"taxonomy":"post_tag","embeddable":true,"href":"https:\/\/senoticias.com.br\/se\/wp-json\/wp\/v2\/tags?post=135827"}],"curies":[{"name":"wp","href":"https:\/\/api.w.org\/{rel}","templated":true}]}}