{"id":135805,"date":"2023-02-03T11:26:48","date_gmt":"2023-02-03T14:26:48","guid":{"rendered":"https:\/\/senoticias.com.br\/se\/?p=135805"},"modified":"2023-02-03T12:48:18","modified_gmt":"2023-02-03T15:48:18","slug":"prefeito-alberto-macedo-divulga-programacao-completa-do-carnaval-da-barra-dos-coqueiros","status":"publish","type":"post","link":"https:\/\/senoticias.com.br\/se\/prefeito-alberto-macedo-divulga-programacao-completa-do-carnaval-da-barra-dos-coqueiros\/","title":{"rendered":"Prefeito Alberto Macedo divulga programa\u00e7\u00e3o completa do carnaval da Barra dos Coqueiros"},"content":{"rendered":"\n<p>O tradicional carnaval da Barra dos Coqueiros \u2013 um dos maiores de Sergipe \u2013 est\u00e1 de volta para a alegria dos foli\u00f5es que estavam com saudades. Ap\u00f3s dois anos de paralisa\u00e7\u00e3o devido \u00e0 pandemia da Covid-19, a Prefeitura Municipal preparou o Barra Folia que acontecer\u00e1 de <strong>18 a 21<\/strong> de fevereiro e ter\u00e1 como atra\u00e7\u00f5es musicais O Kanalha, Cheiro de Amor, Edcity, Guig Ghetto e muito mais. Confira abaixo a programa\u00e7\u00e3o completa.<br><br>A programa\u00e7\u00e3o oficial do Barra Folia foi lan\u00e7ada na manh\u00e3 desta sexta-feira, 3, durante solenidade que contou com a presen\u00e7a de autoridades do munic\u00edpio e imprensa. Na ocasi\u00e3o, o prefeito da Barra dos Coqueiros, Alberto Macedo, e o coordenador do Barra Folia, Roosewelt Pereira, deram mais detalhes sobre os festejos de carnaval.<br><br>\u201c\u00c9 com muita alegria e satisfa\u00e7\u00e3o que faremos o Barra Folia, um evento que, sem d\u00favidas, atrair\u00e1 milhares de moradores da Barra dos Coqueiros e de turistas, fomentar\u00e1 a economia do nosso munic\u00edpio durante quatro dias de folia e ficar\u00e1 na hist\u00f3ria, ap\u00f3s a luta contra a Covid-19. Nossa popula\u00e7\u00e3o estava com saudades do carnaval e, por isso, preparamos um festejo especial, com atra\u00e7\u00f5es nacionais e da nossa terra que agradam diversos p\u00fablicos\u201d, destaca Alberto Macedo.<br><br><strong>Atra\u00e7\u00f5es musicais<\/strong><br><br>Ao longo de quatro dias, o Barra Folia contar\u00e1 com uma vasta programa\u00e7\u00e3o musical, que incluem artistas nacionais, sergipanas e barracoqueirenses, que ir\u00e3o se apresentar em trios el\u00e9tricos, com os tradicionais arrast\u00f5es pelo litoral da Barra dos Coqueiros.<br><br>A festa ter\u00e1, ao todo, 19 atra\u00e7\u00f5es: O Kanalha, Cheiro de Amor, Edcity, Guig Ghetto, Valneij\u00f3s, Bruninho Top7, Devinho Novaes, Andr\u00e9 Jeito de Ser, Dan Vasconcelos, Kaelzinho Ferraz, Jam &amp; A Karreta, Matheus Freitas, Pank10, Art Mania, Banana Nativa, Bete Evany, Cid Natureza, Quinto Round e Danielzinho Jr.<br><br>No dia 18 \u2013 primeiro dia de evento \u2013, o Barra Folia ser\u00e1 no Centro da Barra, a partir das 14h. De l\u00e1, o trio el\u00e9trico seguir\u00e1 at\u00e9 a Pra\u00e7a do Prisco Viana, com apresenta\u00e7\u00f5es \u00e0 noite. J\u00e1 nos dias 19, 20 e 21, a folia tem como ponto de partida a Praia da Costa, a partir das 12h, seguindo para a Atalaia Nova, \u00e0s 16h. \u00c0 noite, a Atalaia Nova tamb\u00e9m ter\u00e1 shows no trio.<br><br><strong>Seguran\u00e7a<\/strong><br><br>Para garantir a seguran\u00e7a dos foli\u00f5es, a Prefeitura est\u00e1 montando um esquema especial de policiamento com o apoio da Pol\u00edcia Militar de Sergipe (PMSE): Choque, Grupamento Especial T\u00e1tico de Motos (Getam), Grupo de A\u00e7\u00f5es T\u00e1ticas do Interior (Gati) e Batalh\u00e3o de Pol\u00edcia Rodovi\u00e1ria (BPRv), conforme garantiu o comandante do 2\u00aa Companhia Independente de Pol\u00edcia Militar, major Marcos Wenner. A Administra\u00e7\u00e3o Municipal tamb\u00e9m garantir\u00e1 a seguran\u00e7a da popula\u00e7\u00e3o que curtir\u00e1 o carnaval por meio de agentes de seguran\u00e7a privada.<br><br>\u201cO Barra Folia ser\u00e1 uma grande festa de carnaval. Estamos planejando e colocando em a\u00e7\u00e3o diversos detalhes para garantir a alegria, a divers\u00e3o e, claro, a seguran\u00e7a de todos os foli\u00f5es que ir\u00e3o curtir os nossos festejos carnavalescos. A Barra dos Coqueiros respirar\u00e1 folia durante quatro dias e, no que depender de n\u00f3s, ser\u00e1 destaque em nosso estado\u201d, garante o coordenador do Barra Folia.<br><br><strong>PROGRAMA\u00c7\u00c3O DO BARRA FOLIA<\/strong><br><br><strong>S\u00c1BADO (18\/02)<br>\u00a0<\/strong><br>14h \u2013 Valneij\u00f3s<br><strong>Centro da Barra<\/strong><br>16h \u2013 O Kanalha<br><br><strong>Arrast\u00e3o Pra\u00e7a Santa Luzia\/Pra\u00e7a do Prisco Viana<\/strong><br><br>19h \u2013 Devinho Novaes<br>Pra\u00e7a do Prisco Viana<br><br>21h \u2013 Bruninho TOP 7<br>Pra\u00e7a do Prisco Viana<\/p>\n\n\n\n<figure class=\"wp-block-image size-large\"><img loading=\"lazy\" decoding=\"async\" width=\"564\" height=\"376\" src=\"https:\/\/senoticias.com.br\/se\/wp-content\/uploads\/2023\/02\/Carnaval-da-Barra-dos-Coqueiros-SE-Noticias.jpg\" alt=\"\" class=\"wp-image-135807\" srcset=\"https:\/\/senoticias.com.br\/se\/wp-content\/uploads\/2023\/02\/Carnaval-da-Barra-dos-Coqueiros-SE-Noticias.jpg 564w, https:\/\/senoticias.com.br\/se\/wp-content\/uploads\/2023\/02\/Carnaval-da-Barra-dos-Coqueiros-SE-Noticias-300x200.jpg 300w, https:\/\/senoticias.com.br\/se\/wp-content\/uploads\/2023\/02\/Carnaval-da-Barra-dos-Coqueiros-SE-Noticias-90x60.jpg 90w, https:\/\/senoticias.com.br\/se\/wp-content\/uploads\/2023\/02\/Carnaval-da-Barra-dos-Coqueiros-SE-Noticias-180x120.jpg 180w, https:\/\/senoticias.com.br\/se\/wp-content\/uploads\/2023\/02\/Carnaval-da-Barra-dos-Coqueiros-SE-Noticias-95x64.jpg 95w\" sizes=\"(max-width: 564px) 100vw, 564px\" \/><figcaption>Barra Folia acontece entre os dias 18 e 21 de fevereiro com atra\u00e7\u00f5es nacionais e locais &#8211; Foto: ascom\/Barra<\/figcaption><\/figure>\n\n\n\n<p><strong>DOMINGO (19\/02)<br>&nbsp;<\/strong><br>12h \u2013 Andr\u00e9 Jeito de Ser<br>Praia da Costa<br><br>14h \u2013 Dan Vasconcelos<br>Praia da Costa<br><br>16h \u2013 Cheiro de Amor<br>Arrast\u00e3o Praia da Costa\/Atalaia Nova<br><br>19h \u2013 Kaelzinho Ferraz<br>Atalaia Nova<br><br>21h \u2013 Jam &amp; A Karreta<br>Atalaia Nova<\/p>\n\n\n\n<p><strong>SEGUNDA-FEIRA (20\/02)<\/strong><br><br>12h \u2013 Matheus Freitas<br>Praia da Costa<br><br>14h \u2013 Pank 10<br>Praia da Costa<br><br>16h \u2013 Edcity<br>Arrast\u00e3o Praia da Costa\/Atalaia Nova<br><br>19h \u2013 Art Mania<br>Atalaia Nova<br><br>21h \u2013 Banana Nativa<br>Atalaia Nova<\/p>\n\n\n\n<p><strong>TER\u00c7A-FEIRA (21\/02)<\/strong><br><br>12h \u2013 Bete Evany<br>Praia da Costa<br><br>14h \u2013 Cid Natureza<br>Praia da Costa<br><br>16h &#8211; Guig Ghetto<br>Arrast\u00e3o Praia da Costa\/Atalaia Nova<br><br>19h \u2013 Quinto Round<br>Atalaia Nova<br><br>21h \u2013 Danielzinho Jr<br>Atalaia Nova<\/p>\n\n\n\n<p><em><strong>Acompanhe tamb\u00e9m o SE Not\u00edcias no\u00a0<a rel=\"noreferrer noopener\" href=\"https:\/\/twitter.com\/Senoticias\" target=\"_blank\">Twitter<\/a>,\u00a0<a rel=\"noreferrer noopener\" href=\"https:\/\/www.facebook.com\/senoticias1\" target=\"_blank\">Facebook<\/a>\u00a0e no\u00a0<a rel=\"noreferrer noopener\" href=\"https:\/\/www.instagram.com\/senoticias\/\" target=\"_blank\">Instagram<\/a><\/strong><\/em><\/p>\n\n\n\n<p>Fonte: ascom\/Barra dos Coqueiros<\/p>\n","protected":false},"excerpt":{"rendered":"<p>O tradicional carnaval da Barra dos Coqueiros \u2013 um dos maiores de Sergipe \u2013 est\u00e1 de volta para a alegria dos foli\u00f5es que estavam com saudades. Ap\u00f3s dois anos de paralisa\u00e7\u00e3o devido \u00e0 pandemia da Covid-19, a Prefeitura Municipal preparou o Barra Folia que acontecer\u00e1 de 18 a 21 de fevereiro e ter\u00e1 como atra\u00e7\u00f5es [&hellip;]<\/p>\n","protected":false},"author":6557,"featured_media":0,"comment_status":"closed","ping_status":"closed","sticky":false,"template":"","format":"standard","meta":{"footnotes":""},"categories":[15,21,1],"tags":[38196,37036],"class_list":{"0":"post-135805","1":"post","2":"type-post","3":"status-publish","4":"format-standard","6":"category-destaques","7":"category-entretenimento","8":"category-sem-categoria","9":"tag-carnaval-da-barra-dos-coqueiros","10":"tag-prefeito-alberto-macedo-2"},"_links":{"self":[{"href":"https:\/\/senoticias.com.br\/se\/wp-json\/wp\/v2\/posts\/135805"}],"collection":[{"href":"https:\/\/senoticias.com.br\/se\/wp-json\/wp\/v2\/posts"}],"about":[{"href":"https:\/\/senoticias.com.br\/se\/wp-json\/wp\/v2\/types\/post"}],"author":[{"embeddable":true,"href":"https:\/\/senoticias.com.br\/se\/wp-json\/wp\/v2\/users\/6557"}],"replies":[{"embeddable":true,"href":"https:\/\/senoticias.com.br\/se\/wp-json\/wp\/v2\/comments?post=135805"}],"version-history":[{"count":0,"href":"https:\/\/senoticias.com.br\/se\/wp-json\/wp\/v2\/posts\/135805\/revisions"}],"wp:attachment":[{"href":"https:\/\/senoticias.com.br\/se\/wp-json\/wp\/v2\/media?parent=135805"}],"wp:term":[{"taxonomy":"category","embeddable":true,"href":"https:\/\/senoticias.com.br\/se\/wp-json\/wp\/v2\/categories?post=135805"},{"taxonomy":"post_tag","embeddable":true,"href":"https:\/\/senoticias.com.br\/se\/wp-json\/wp\/v2\/tags?post=135805"}],"curies":[{"name":"wp","href":"https:\/\/api.w.org\/{rel}","templated":true}]}}