{"id":135800,"date":"2023-02-03T10:11:02","date_gmt":"2023-02-03T13:11:02","guid":{"rendered":"https:\/\/senoticias.com.br\/se\/?p=135800"},"modified":"2023-02-03T10:54:50","modified_gmt":"2023-02-03T13:54:50","slug":"135800-2","status":"publish","type":"post","link":"https:\/\/senoticias.com.br\/se\/135800-2\/","title":{"rendered":"Prefeitura de S\u00e3o Crist\u00f3v\u00e3o divulga edital do concurso da Guarda Municipal"},"content":{"rendered":"\n<p>A Prefeitura de S\u00e3o Crist\u00f3v\u00e3o divulgou hoje (03), no Di\u00e1rio Oficial, o edital com os crit\u00e9rios do concurso p\u00fablico, que h\u00e1 quase seis anos a gest\u00e3o tem se empenhado para realizar: o de <strong>Guarda Civil Municipal<\/strong>. Ao todo ser\u00e3o <strong>14 vagas e cadastro de reserva<\/strong> para esta \u00e1rea, al\u00e9m de outras <strong>13 vagas e cadastro de reserva<\/strong> distribu\u00eddos entre os cargos: <strong>arquiteto substituto, assistente social, engenheiro civil substituto, nutricionista, psic\u00f3logo, t\u00e9cnico ambiental e analista ambiental.<\/strong><\/p>\n\n\n\n<figure class=\"wp-block-image size-large\"><img loading=\"lazy\" decoding=\"async\" width=\"581\" height=\"461\" src=\"https:\/\/senoticias.com.br\/se\/wp-content\/uploads\/2023\/02\/Prefeito-Marcos-Santana-SE-Noticias.jpg\" alt=\"\" class=\"wp-image-135803\" srcset=\"https:\/\/senoticias.com.br\/se\/wp-content\/uploads\/2023\/02\/Prefeito-Marcos-Santana-SE-Noticias.jpg 581w, https:\/\/senoticias.com.br\/se\/wp-content\/uploads\/2023\/02\/Prefeito-Marcos-Santana-SE-Noticias-300x238.jpg 300w, https:\/\/senoticias.com.br\/se\/wp-content\/uploads\/2023\/02\/Prefeito-Marcos-Santana-SE-Noticias-45x35.jpg 45w\" sizes=\"(max-width: 581px) 100vw, 581px\" \/><figcaption>Prefeito Marcos Santana divulga edital do concurso da Guarda Municipal &#8211; Foto: ascom\/divulga\u00e7\u00e3o<\/figcaption><\/figure>\n\n\n\n<p>As inscri\u00e7\u00f5es devem ser feitas a partir do dia 07 de fevereiro ao dia 08 de mar\u00e7o e os interessados devem pagar uma taxa no valor de R$ 90 para os cargos de n\u00edvel m\u00e9dio e R$ 140 para os de n\u00edvel superior. Ap\u00f3s realizada a inscri\u00e7\u00e3o, o candidato dever\u00e1 aguardar a prova que acontece no dia 07 de maio atrav\u00e9s de banca realizada pela <strong>Cebraspe<\/strong>.\u00a0<\/p>\n\n\n\n<p>De acordo com o prefeito Marcos Santana, desde que foi pensada a cria\u00e7\u00e3o da guarda municipal a gest\u00e3o n\u00e3o mediu esfor\u00e7os para a concretiza\u00e7\u00e3o deste edital. \u201cPor\u00e9m, a pr\u00f3pria legisla\u00e7\u00e3o dificultou e acarretou neste atraso. Agora, com ele finalmente lan\u00e7ado, eu considero um momento de muita alegria porque sei quem ser\u00e3o os maiores beneficiados ap\u00f3s o resultado destas provas: o povo e, consequentemente, a cidade de S\u00e3o Crist\u00f3v\u00e3o. J\u00e1 fizemos um investimento elevado na aquisi\u00e7\u00e3o e na instala\u00e7\u00e3o das c\u00e2meras de monitoramento e finalmente vamos instituir a guarda e refor\u00e7ar a seguran\u00e7a do munic\u00edpio\u201d, explicou.\u00a0<\/p>\n\n\n\n<p>\u00c9 importante que todos os interessados fiquem atentos ao edital no intuito de obterem as informa\u00e7\u00f5es necess\u00e1rias para a realiza\u00e7\u00e3o da prova, incluindo taxa, datas e outros pr\u00e9-requisitos fundamentais. Para mais informa\u00e7\u00f5es, <a href=\"https:\/\/transparencia.saocristovao.se.gov.br\/municipio\/diario_oficial\"><strong>confira o edital aqui<\/strong>.<\/a><\/p>\n\n\n\n<p><em><strong>Acompanhe tamb\u00e9m o SE Not\u00edcias no\u00a0<a rel=\"noreferrer noopener\" href=\"https:\/\/twitter.com\/Senoticias\" target=\"_blank\">Twitter<\/a>,\u00a0<a rel=\"noreferrer noopener\" href=\"https:\/\/www.facebook.com\/senoticias1\" target=\"_blank\">Facebook<\/a>\u00a0e no\u00a0<a rel=\"noreferrer noopener\" href=\"https:\/\/www.instagram.com\/senoticias\/\" target=\"_blank\">Instagram<\/a><\/strong><\/em><\/p>\n\n\n\n<p>Fonte: ascom\/PMSC<\/p>\n","protected":false},"excerpt":{"rendered":"<p>A Prefeitura de S\u00e3o Crist\u00f3v\u00e3o divulgou hoje (03), no Di\u00e1rio Oficial, o edital com os crit\u00e9rios do concurso p\u00fablico, que h\u00e1 quase seis anos a gest\u00e3o tem se empenhado para realizar: o de Guarda Civil Municipal. Ao todo ser\u00e3o 14 vagas e cadastro de reserva para esta \u00e1rea, al\u00e9m de outras 13 vagas e cadastro [&hellip;]<\/p>\n","protected":false},"author":6557,"featured_media":0,"comment_status":"closed","ping_status":"closed","sticky":false,"template":"","format":"standard","meta":{"footnotes":""},"categories":[9,15,1],"tags":[13675,38195,81],"class_list":{"0":"post-135800","1":"post","2":"type-post","3":"status-publish","4":"format-standard","6":"category-concursos","7":"category-destaques","8":"category-sem-categoria","9":"tag-concurso-guarda-municipal","10":"tag-guarda-civil-municipal","11":"tag-prefeitura-de-sao-cristovao"},"_links":{"self":[{"href":"https:\/\/senoticias.com.br\/se\/wp-json\/wp\/v2\/posts\/135800"}],"collection":[{"href":"https:\/\/senoticias.com.br\/se\/wp-json\/wp\/v2\/posts"}],"about":[{"href":"https:\/\/senoticias.com.br\/se\/wp-json\/wp\/v2\/types\/post"}],"author":[{"embeddable":true,"href":"https:\/\/senoticias.com.br\/se\/wp-json\/wp\/v2\/users\/6557"}],"replies":[{"embeddable":true,"href":"https:\/\/senoticias.com.br\/se\/wp-json\/wp\/v2\/comments?post=135800"}],"version-history":[{"count":0,"href":"https:\/\/senoticias.com.br\/se\/wp-json\/wp\/v2\/posts\/135800\/revisions"}],"wp:attachment":[{"href":"https:\/\/senoticias.com.br\/se\/wp-json\/wp\/v2\/media?parent=135800"}],"wp:term":[{"taxonomy":"category","embeddable":true,"href":"https:\/\/senoticias.com.br\/se\/wp-json\/wp\/v2\/categories?post=135800"},{"taxonomy":"post_tag","embeddable":true,"href":"https:\/\/senoticias.com.br\/se\/wp-json\/wp\/v2\/tags?post=135800"}],"curies":[{"name":"wp","href":"https:\/\/api.w.org\/{rel}","templated":true}]}}