{"id":135796,"date":"2023-02-02T16:20:00","date_gmt":"2023-02-02T19:20:00","guid":{"rendered":"https:\/\/senoticias.com.br\/se\/?p=135796"},"modified":"2023-02-02T16:32:02","modified_gmt":"2023-02-02T19:32:02","slug":"corpo-de-gloria-maria-e-liberado-e-deixa-hospital-do-rio-de-janeiro","status":"publish","type":"post","link":"https:\/\/senoticias.com.br\/se\/corpo-de-gloria-maria-e-liberado-e-deixa-hospital-do-rio-de-janeiro\/","title":{"rendered":"Corpo de Gl\u00f3ria Maria \u00e9 liberado e deixa hospital do Rio de Janeiro"},"content":{"rendered":"\n<p><\/p>\n\n\n\n<p>A jornalista Gl\u00f3ria Maria morreu na manh\u00e3 desta quinta-feira, 2, ap\u00f3s tr\u00eas anos de luta contra o c\u00e2ncer. No in\u00edcio da tarde, o corpo da jornalista foi levado por um carro de funer\u00e1ria para dar in\u00edcio \u00e0s prepara\u00e7\u00f5es do vel\u00f3rio. A apresentadora estava internada no Hospital Copa Star, em Copacabana, bairro localizado na Zona Sul do Rio de Janeiro.<\/p>\n\n\n\n<figure class=\"wp-block-image size-large\"><img loading=\"lazy\" decoding=\"async\" width=\"557\" height=\"284\" src=\"https:\/\/senoticias.com.br\/se\/wp-content\/uploads\/2023\/02\/Gloria-Maria-SE-Noticias.png\" alt=\"\" class=\"wp-image-135798\" srcset=\"https:\/\/senoticias.com.br\/se\/wp-content\/uploads\/2023\/02\/Gloria-Maria-SE-Noticias.png 557w, https:\/\/senoticias.com.br\/se\/wp-content\/uploads\/2023\/02\/Gloria-Maria-SE-Noticias-300x153.png 300w\" sizes=\"(max-width: 557px) 100vw, 557px\" \/><figcaption>Gloria Maria morreu na manh\u00e3 desta quinta-feira (02) -Foto: AGNews, Divulga\u00e7\u00e3o\/TV Globo<\/figcaption><\/figure>\n\n\n\n<p>Ao longo do dia, f\u00e3s deixaram flores e outras homenagens em frente ao hospital onde a jornalista faleceu. Ainda n\u00e3o h\u00e1 informa\u00e7\u00f5es oficiais sobre o vel\u00f3rio e o enterro de Gl\u00f3ria nem confirma\u00e7\u00f5es se as cerim\u00f4nias ser\u00e3o abertas ao p\u00fablico. O estado do Rio de Janeiro, onde a apresentadora nasceu, decretou luto oficial de tr\u00eas dias.<\/p>\n\n\n\n<p><strong>A morte de Gl\u00f3ria Maria<\/strong><br><br>A morte de Gl\u00f3ria Maria pegou o p\u00fablico de surpresa na manh\u00e3 desta quinta-feira. Em comunicado divulgado \u00e0 imprensa, a TV Globo informou que a morte da apresentadora se deu em decorr\u00eancia de um c\u00e2ncer no pulm\u00e3o com met\u00e1stases no c\u00e9rebro.<\/p>\n\n\n\n<p>Gl\u00f3ria descobriu o c\u00e2ncer no pulm\u00e3o em 2019. Na \u00e9poca, ela tratou a enfermidade com imunoterapia e obteve \u00eaxito. No mesmo ano, a jornalista operou um tumor no c\u00e9rebro.<\/p>\n\n\n\n<p>Segundo a TV Globo, Gl\u00f3ria iniciou um tratamento, no ano passado, para combater novas met\u00e1stases cerebrais, mas deixou de fazer efeito nos \u00faltimos dias. Ela foi internada na primeira semana de janeiro.<\/p>\n\n\n\n<p><em><strong>Acompanhe tamb\u00e9m o SE Not\u00edcias no\u00a0<a rel=\"noreferrer noopener\" href=\"https:\/\/twitter.com\/Senoticias\" target=\"_blank\">Twitter<\/a>,\u00a0<a rel=\"noreferrer noopener\" href=\"https:\/\/www.facebook.com\/senoticias1\" target=\"_blank\">Facebook<\/a>\u00a0e no\u00a0<a rel=\"noreferrer noopener\" href=\"https:\/\/www.instagram.com\/senoticias\/\" target=\"_blank\">Instagram<\/a><\/strong><\/em><br><br>Fonte: Portal Terra<\/p>\n","protected":false},"excerpt":{"rendered":"<p>A jornalista Gl\u00f3ria Maria morreu na manh\u00e3 desta quinta-feira, 2, ap\u00f3s tr\u00eas anos de luta contra o c\u00e2ncer. No in\u00edcio da tarde, o corpo da jornalista foi levado por um carro de funer\u00e1ria para dar in\u00edcio \u00e0s prepara\u00e7\u00f5es do vel\u00f3rio. A apresentadora estava internada no Hospital Copa Star, em Copacabana, bairro localizado na Zona Sul [&hellip;]<\/p>\n","protected":false},"author":6557,"featured_media":0,"comment_status":"closed","ping_status":"closed","sticky":false,"template":"","format":"standard","meta":{"footnotes":""},"categories":[15,1,8],"tags":[38194,38193],"class_list":{"0":"post-135796","1":"post","2":"type-post","3":"status-publish","4":"format-standard","6":"category-destaques","7":"category-sem-categoria","8":"category-esporte-e-cultura","9":"tag-corpo-de-gloria-maria","10":"tag-morte-de-gloria-maria"},"_links":{"self":[{"href":"https:\/\/senoticias.com.br\/se\/wp-json\/wp\/v2\/posts\/135796"}],"collection":[{"href":"https:\/\/senoticias.com.br\/se\/wp-json\/wp\/v2\/posts"}],"about":[{"href":"https:\/\/senoticias.com.br\/se\/wp-json\/wp\/v2\/types\/post"}],"author":[{"embeddable":true,"href":"https:\/\/senoticias.com.br\/se\/wp-json\/wp\/v2\/users\/6557"}],"replies":[{"embeddable":true,"href":"https:\/\/senoticias.com.br\/se\/wp-json\/wp\/v2\/comments?post=135796"}],"version-history":[{"count":0,"href":"https:\/\/senoticias.com.br\/se\/wp-json\/wp\/v2\/posts\/135796\/revisions"}],"wp:attachment":[{"href":"https:\/\/senoticias.com.br\/se\/wp-json\/wp\/v2\/media?parent=135796"}],"wp:term":[{"taxonomy":"category","embeddable":true,"href":"https:\/\/senoticias.com.br\/se\/wp-json\/wp\/v2\/categories?post=135796"},{"taxonomy":"post_tag","embeddable":true,"href":"https:\/\/senoticias.com.br\/se\/wp-json\/wp\/v2\/tags?post=135796"}],"curies":[{"name":"wp","href":"https:\/\/api.w.org\/{rel}","templated":true}]}}