{"id":135669,"date":"2023-01-25T19:12:34","date_gmt":"2023-01-25T22:12:34","guid":{"rendered":"https:\/\/senoticias.com.br\/se\/?p=135669"},"modified":"2023-01-25T19:23:58","modified_gmt":"2023-01-25T22:23:58","slug":"publicado-edital-do-concurso-publico-para-coordenadoria-geral-de-pericias","status":"publish","type":"post","link":"https:\/\/senoticias.com.br\/se\/publicado-edital-do-concurso-publico-para-coordenadoria-geral-de-pericias\/","title":{"rendered":"Publicado edital do concurso p\u00fablico para Coordenadoria Geral de Per\u00edcias"},"content":{"rendered":"\n<p>Conforme an\u00fancio feito pelo governador F\u00e1bio Mitidieri, foi publicado no Di\u00e1rio Oficial da ter\u00e7a-feira, 24,&nbsp;o edital para o concurso p\u00fablico destinado ao provimento dos cargos efetivos pertencentes ao Quadro de Carreiras de Atividades Periciais da Coordenadora Geral de Per\u00edcias (Cogerp), a ser realizado pelas secretarias de Estado da Administra\u00e7\u00e3o (Sead) e Seguran\u00e7a P\u00fablica (SSP), atrav\u00e9s do Instituto de Desenvolvimento Educacional, Cultural e Assistencial Nacional (Idecan).<\/p>\n\n\n\n<figure class=\"wp-block-image size-large\"><img loading=\"lazy\" decoding=\"async\" width=\"555\" height=\"311\" src=\"https:\/\/senoticias.com.br\/se\/wp-content\/uploads\/2023\/01\/Concurso-Pericia-SE-Noticias.jpeg\" alt=\"\" class=\"wp-image-135671\" srcset=\"https:\/\/senoticias.com.br\/se\/wp-content\/uploads\/2023\/01\/Concurso-Pericia-SE-Noticias.jpeg 555w, https:\/\/senoticias.com.br\/se\/wp-content\/uploads\/2023\/01\/Concurso-Pericia-SE-Noticias-300x168.jpeg 300w\" sizes=\"(max-width: 555px) 100vw, 555px\" \/><figcaption>As inscri\u00e7\u00f5es poder\u00e3o ser realizadas entre os dias 30 de janeiro e 06 de mar\u00e7o de 2023, no site do Idecan &#8211; Foto: Cogerp<\/figcaption><\/figure>\n\n\n\n<p>O concurso ser\u00e1 realizado dia 9 de abril e est\u00e3o sendo ofertadas 60 vagas. Sendo uma vaga para o cargo de agente t\u00e9cnico de necropsia,10 para papiloscopista, 33 vagas para perito criminal\u00edstico, 15 para perito m\u00e9dico-legal e uma para perito odonto-legal.&nbsp;<\/p>\n\n\n\n<p>Para a secret\u00e1ria da Administra\u00e7\u00e3o, Lucivanda Rodrigues, a decis\u00e3o do governador F\u00e1bio Mitidieri em realizar esse concurso p\u00fablico, que vem a ser o primeiro do seu governo, vai qualificar, melhorar a atua\u00e7\u00e3o da Seguran\u00e7a P\u00fablica, do Instituto M\u00e9dico Legal e da investiga\u00e7\u00e3o criminal. \u201cOu seja, s\u00e3o mais oportunidades de emprego, qualificando&nbsp;o servi\u00e7o p\u00fablico\u201d, frisa.<\/p>\n\n\n\n<figure class=\"wp-block-image size-large\"><img loading=\"lazy\" decoding=\"async\" width=\"600\" height=\"300\" src=\"https:\/\/senoticias.com.br\/se\/wp-content\/uploads\/2023\/01\/70f24a7261661edac8c640a7f34a58b0.jpeg\" alt=\"\" class=\"wp-image-135672\" srcset=\"https:\/\/senoticias.com.br\/se\/wp-content\/uploads\/2023\/01\/70f24a7261661edac8c640a7f34a58b0.jpeg 600w, https:\/\/senoticias.com.br\/se\/wp-content\/uploads\/2023\/01\/70f24a7261661edac8c640a7f34a58b0-300x150.jpeg 300w\" sizes=\"(max-width: 600px) 100vw, 600px\" \/><\/figure>\n\n\n\n<p>As inscri\u00e7\u00f5es poder\u00e3o ser realizadas entre os dias 30 de janeiro e 06 de mar\u00e7o de 2023, no endere\u00e7o eletr\u00f4nico&nbsp;<a href=\"http:\/\/www.idecan.org.br\/\" target=\"_blank\" rel=\"noreferrer noopener\">www.idecan.org.br<\/a>.<\/p>\n\n\n\n<p><strong>Etapas do concurso<\/strong><br><br>As provas objetivas e discursivas ser\u00e3o realizadas na cidade de Aracaju, com dura\u00e7\u00e3o de 4h30 para os cargos de ensino superior (papiloscopista, perito, criminal\u00edstico, perito m\u00e9dico-legal e perito odonto-legal) e de 4h para o cargo de ensino m\u00e9dio (agente t\u00e9cnico de necr\u00f3psia), nos turnos\/hor\u00e1rios e datas inicialmente previstos, conforme a imagem 1.<\/p>\n\n\n\n<figure class=\"wp-block-image size-large\"><img loading=\"lazy\" decoding=\"async\" width=\"596\" height=\"141\" src=\"https:\/\/senoticias.com.br\/se\/wp-content\/uploads\/2023\/01\/889b81ecfee275d0d346a0a4ee1ebd86.jpeg\" alt=\"\" class=\"wp-image-135673\" srcset=\"https:\/\/senoticias.com.br\/se\/wp-content\/uploads\/2023\/01\/889b81ecfee275d0d346a0a4ee1ebd86.jpeg 596w, https:\/\/senoticias.com.br\/se\/wp-content\/uploads\/2023\/01\/889b81ecfee275d0d346a0a4ee1ebd86-300x71.jpeg 300w\" sizes=\"(max-width: 596px) 100vw, 596px\" \/><\/figure>\n\n\n\n<p>Os locais de realiza\u00e7\u00e3o das provas objetivas e discursivas, para os quais dever\u00e3o se dirigir os candidatos, ser\u00e3o divulgados na data prov\u00e1vel de 3 de abril de 2023, na \u00edntegra, no endere\u00e7o eletr\u00f4nico do&nbsp;<a href=\"http:\/\/www.idecan.org.br\/\">Instituto<\/a>.<\/p>\n\n\n\n<p>A realiza\u00e7\u00e3o das fases e etapas desse concurso \u00e9 de responsabilidade t\u00e9cnica e operacional do Idecan, com exce\u00e7\u00e3o do curso de forma\u00e7\u00e3o e treinamento profissional, que ser\u00e1 de responsabilidade da Academia de Pol\u00edcia Civil (Acadepol), da sindic\u00e2ncia da vida pregressa, que estar\u00e1 a cargo da SSP\/SE, e da per\u00edcia m\u00e9dica para os candidatos que concorrerem \u00e0s vagas destinadas a pessoa com defici\u00eancia (PcD), que ser\u00e1 de responsabilidade da Per\u00edcia M\u00e9dica Oficial do Estado\/Sead.<\/p>\n\n\n\n<p>O concurso p\u00fablico compreender\u00e1 as\u00a0etapas discriminadas na imagem 2.<\/p>\n\n\n\n<p><em><strong>Acompanhe tamb\u00e9m o SE Not\u00edcias no\u00a0<a rel=\"noreferrer noopener\" href=\"https:\/\/twitter.com\/Senoticias\" target=\"_blank\">Twitter<\/a>,\u00a0<a rel=\"noreferrer noopener\" href=\"https:\/\/www.facebook.com\/senoticias1\" target=\"_blank\">Facebook<\/a>\u00a0e no\u00a0<a rel=\"noreferrer noopener\" href=\"https:\/\/www.instagram.com\/senoticias\/\" target=\"_blank\">Instagram<\/a><\/strong><\/em><\/p>\n\n\n\n<p>Mat\u00e9ria extra\u00edda da Ag\u00eancia Sergipe de Not\u00edcias<\/p>\n","protected":false},"excerpt":{"rendered":"<p>Conforme an\u00fancio feito pelo governador F\u00e1bio Mitidieri, foi publicado no Di\u00e1rio Oficial da ter\u00e7a-feira, 24,&nbsp;o edital para o concurso p\u00fablico destinado ao provimento dos cargos efetivos pertencentes ao Quadro de Carreiras de Atividades Periciais da Coordenadora Geral de Per\u00edcias (Cogerp), a ser realizado pelas secretarias de Estado da Administra\u00e7\u00e3o (Sead) e Seguran\u00e7a P\u00fablica (SSP), atrav\u00e9s [&hellip;]<\/p>\n","protected":false},"author":6557,"featured_media":0,"comment_status":"closed","ping_status":"closed","sticky":false,"template":"","format":"standard","meta":{"footnotes":""},"categories":[15,7],"tags":[34288,8358,448],"class_list":{"0":"post-135669","1":"post","2":"type-post","3":"status-publish","4":"format-standard","6":"category-destaques","7":"category-policia","8":"tag-concurso-publico-2","9":"tag-coordenadoria-geral-de-pericias","10":"tag-governo-de-sergipe"},"_links":{"self":[{"href":"https:\/\/senoticias.com.br\/se\/wp-json\/wp\/v2\/posts\/135669"}],"collection":[{"href":"https:\/\/senoticias.com.br\/se\/wp-json\/wp\/v2\/posts"}],"about":[{"href":"https:\/\/senoticias.com.br\/se\/wp-json\/wp\/v2\/types\/post"}],"author":[{"embeddable":true,"href":"https:\/\/senoticias.com.br\/se\/wp-json\/wp\/v2\/users\/6557"}],"replies":[{"embeddable":true,"href":"https:\/\/senoticias.com.br\/se\/wp-json\/wp\/v2\/comments?post=135669"}],"version-history":[{"count":0,"href":"https:\/\/senoticias.com.br\/se\/wp-json\/wp\/v2\/posts\/135669\/revisions"}],"wp:attachment":[{"href":"https:\/\/senoticias.com.br\/se\/wp-json\/wp\/v2\/media?parent=135669"}],"wp:term":[{"taxonomy":"category","embeddable":true,"href":"https:\/\/senoticias.com.br\/se\/wp-json\/wp\/v2\/categories?post=135669"},{"taxonomy":"post_tag","embeddable":true,"href":"https:\/\/senoticias.com.br\/se\/wp-json\/wp\/v2\/tags?post=135669"}],"curies":[{"name":"wp","href":"https:\/\/api.w.org\/{rel}","templated":true}]}}