{"id":135652,"date":"2023-01-24T13:05:42","date_gmt":"2023-01-24T16:05:42","guid":{"rendered":"https:\/\/senoticias.com.br\/se\/?p=135652"},"modified":"2023-01-24T13:05:48","modified_gmt":"2023-01-24T16:05:48","slug":"mergulhadores-do-corpo-de-bombeiros-atuam-em-resgate-de-veiculo-que-submergiu-ao-tentar-retirar-lancha-de-rio","status":"publish","type":"post","link":"https:\/\/senoticias.com.br\/se\/mergulhadores-do-corpo-de-bombeiros-atuam-em-resgate-de-veiculo-que-submergiu-ao-tentar-retirar-lancha-de-rio\/","title":{"rendered":"Mergulhadores do Corpo de Bombeiros atuam em resgate de ve\u00edculo que submergiu ao tentar retirar lancha de rio"},"content":{"rendered":"\n<p>O Corpo de Bombeiros Militar do Estado de Sergipe (CBMSE) realizou, no final da tarde deste domingo (22), o resgate de um carro que submergiu ao tentar retirar uma lancha do rio vaza-barris no bairro Mosqueiro, na Zona de Expans\u00e3o de Aracaju.<\/p>\n\n\n\n<figure class=\"wp-block-image size-large\"><img loading=\"lazy\" decoding=\"async\" width=\"768\" height=\"1024\" src=\"https:\/\/senoticias.com.br\/se\/wp-content\/uploads\/2023\/01\/bombeiros-senoticias-768x1024.jpeg\" alt=\"\" class=\"wp-image-135653\"\/><figcaption>N\u00e3o houve o registro de v\u00edtimas. Foto: SSP SE<\/figcaption><\/figure>\n\n\n\n<p>Segundo as informa\u00e7\u00f5es do Corpo de Bombeiros, ap\u00f3s atender o acionamento, os mergulhadores identificaram que n\u00e3o houve vitimas.<\/p>\n\n\n\n<p>&#8221;Foram necess\u00e1rios tr\u00eas mergulhos. O primeiro de reconhecimento para verificar a posi\u00e7\u00e3o do ve\u00edculo. O segundo foi necess\u00e1rio para desacoplar o ve\u00edculo da carreta e fazer a sinaliza\u00e7\u00e3o dos dois com cordas e boias na superf\u00edcie. Por fim, com a chegada do guincho, foi feito o terceiro mergulho para prender os cabos de a\u00e7o\u201d, afirmou o soldado Victor Costa.<\/p>\n\n\n\n<p><em><strong>Acompanhe tamb\u00e9m o SE Not\u00edcias no\u00a0<a rel=\"noreferrer noopener\" href=\"https:\/\/twitter.com\/Senoticias\" target=\"_blank\">Twitter<\/a>,\u00a0<a rel=\"noreferrer noopener\" href=\"https:\/\/www.facebook.com\/senoticias1\" target=\"_blank\">Facebook<\/a>\u00a0e no\u00a0<a rel=\"noreferrer noopener\" href=\"https:\/\/www.instagram.com\/senoticias\/\" target=\"_blank\">Instagram<\/a><\/strong><\/em><\/p>\n\n\n\n<p>Fonte: SSP SE<\/p>\n","protected":false},"excerpt":{"rendered":"<p>O Corpo de Bombeiros Militar do Estado de Sergipe (CBMSE) realizou, no final da tarde deste domingo (22), o resgate de um carro que submergiu ao tentar retirar uma lancha do rio vaza-barris no bairro Mosqueiro, na Zona de Expans\u00e3o de Aracaju. Segundo as informa\u00e7\u00f5es do Corpo de Bombeiros, ap\u00f3s atender o acionamento, os mergulhadores [&hellip;]<\/p>\n","protected":false},"author":6557,"featured_media":0,"comment_status":"closed","ping_status":"closed","sticky":false,"template":"","format":"standard","meta":{"footnotes":""},"categories":[15,6],"tags":[539,10552],"class_list":{"0":"post-135652","1":"post","2":"type-post","3":"status-publish","4":"format-standard","6":"category-destaques","7":"category-politica","8":"tag-corpo-de-bombeiros","9":"tag-rio-vaza-barris"},"_links":{"self":[{"href":"https:\/\/senoticias.com.br\/se\/wp-json\/wp\/v2\/posts\/135652"}],"collection":[{"href":"https:\/\/senoticias.com.br\/se\/wp-json\/wp\/v2\/posts"}],"about":[{"href":"https:\/\/senoticias.com.br\/se\/wp-json\/wp\/v2\/types\/post"}],"author":[{"embeddable":true,"href":"https:\/\/senoticias.com.br\/se\/wp-json\/wp\/v2\/users\/6557"}],"replies":[{"embeddable":true,"href":"https:\/\/senoticias.com.br\/se\/wp-json\/wp\/v2\/comments?post=135652"}],"version-history":[{"count":0,"href":"https:\/\/senoticias.com.br\/se\/wp-json\/wp\/v2\/posts\/135652\/revisions"}],"wp:attachment":[{"href":"https:\/\/senoticias.com.br\/se\/wp-json\/wp\/v2\/media?parent=135652"}],"wp:term":[{"taxonomy":"category","embeddable":true,"href":"https:\/\/senoticias.com.br\/se\/wp-json\/wp\/v2\/categories?post=135652"},{"taxonomy":"post_tag","embeddable":true,"href":"https:\/\/senoticias.com.br\/se\/wp-json\/wp\/v2\/tags?post=135652"}],"curies":[{"name":"wp","href":"https:\/\/api.w.org\/{rel}","templated":true}]}}