{"id":135628,"date":"2023-01-22T12:08:58","date_gmt":"2023-01-22T15:08:58","guid":{"rendered":"https:\/\/senoticias.com.br\/se\/?p=135628"},"modified":"2023-01-22T12:08:58","modified_gmt":"2023-01-22T15:08:58","slug":"ministerio-declara-emergencia-em-saude-em-territorio-indigena-yanomami","status":"publish","type":"post","link":"https:\/\/senoticias.com.br\/se\/ministerio-declara-emergencia-em-saude-em-territorio-indigena-yanomami\/","title":{"rendered":"Minist\u00e9rio declara emerg\u00eancia em sa\u00fade em territ\u00f3rio  ind\u00edgena  yanomami"},"content":{"rendered":"\n<p>O Minist\u00e9rio da Sa\u00fade declarou Emerg\u00eancia em Sa\u00fade P\u00fablica de Import\u00e2ncia Nacional para combate \u00e0 desassist\u00eancia sanit\u00e1ria dos povos que vivem no territ\u00f3rio ind\u00edgena Yanomami, em Roraims. A portaria foi publicada na noite desta sexta-feira (20) em edi\u00e7\u00e3o extra do Di\u00e1rio Oficial da Uni\u00e3o.<\/p>\n\n\n\n<p>A pasta tamb\u00e9m instalou o Centro de Opera\u00e7\u00f5es de Emerg\u00eancias em Sa\u00fade P\u00fablica (COE \u2013 Yanomami), que estar\u00e1 sob responsabilidade da Secretaria de Sa\u00fade Ind\u00edgena (SESAI), e anunciou o envio imediato de cestas b\u00e1sicas, insumos e medicamentos.<\/p>\n\n\n\n<figure class=\"wp-block-image size-large\"><img loading=\"lazy\" decoding=\"async\" width=\"584\" height=\"452\" src=\"https:\/\/senoticias.com.br\/se\/wp-content\/uploads\/2023\/01\/Emergencia-Sanitaria-indigena-SE-noticias.png\" alt=\"\" class=\"wp-image-135630\" srcset=\"https:\/\/senoticias.com.br\/se\/wp-content\/uploads\/2023\/01\/Emergencia-Sanitaria-indigena-SE-noticias.png 584w, https:\/\/senoticias.com.br\/se\/wp-content\/uploads\/2023\/01\/Emergencia-Sanitaria-indigena-SE-noticias-300x232.png 300w, https:\/\/senoticias.com.br\/se\/wp-content\/uploads\/2023\/01\/Emergencia-Sanitaria-indigena-SE-noticias-45x35.png 45w\" sizes=\"(max-width: 584px) 100vw, 584px\" \/><figcaption>Objetivo \u00e9 combater crise sanit\u00e1ria que j\u00e1 matou dezenas de ind\u00edgenas &#8211; Foto: Marcello Camargo\/Abr<\/figcaption><\/figure>\n\n\n\n<p>Entre outros, o comit\u00ea ser\u00e1 o respons\u00e1vel por coordenar as medidas a serem empregadas durante o estado de emerg\u00eancia, incluindo a mobiliza\u00e7\u00e3o de recursos para o restabelecimento dos servi\u00e7os de sa\u00fade e a articula\u00e7\u00e3o com os gestores estaduais e municipais do Sistema \u00danico de Sa\u00fade.<\/p>\n\n\n\n<p>Desde a \u00faltima segunda-feira (16), equipes do Minist\u00e9rio da Sa\u00fade se encontram no territ\u00f3rio ind\u00edgena Yanomami. A regi\u00e3o tem mais de 30,4 mil habitantes. \u201cO grupo se deparou com crian\u00e7as e idosos em estado grave de sa\u00fade, com desnutri\u00e7\u00e3o grave, al\u00e9m de muitos casos de mal\u00e1ria, infec\u00e7\u00e3o respirat\u00f3ria aguda (IRA) e outros agravos\u201d, informou a pasta.<\/p>\n\n\n\n<p>As equipes devem apresentar um levantamento completo sobre a cr\u00edtica situa\u00e7\u00e3o de sa\u00fade dos ind\u00edgenas. A terra ind\u00edgena Yanomami \u00e9 a maior do pa\u00eds, em extens\u00e3o territorial, e sofre com a invas\u00e3o de garimpeiros. O povo da regi\u00e3o vive uma crise sanit\u00e1ria que j\u00e1 resultou na morte de 570 crian\u00e7as por desnutri\u00e7\u00e3o e causas evit\u00e1veis, nos \u00faltimos anos.<\/p>\n\n\n\n<p>Levantamento feito pelo Minist\u00e9rio da Sa\u00fade registrou tr\u00eas \u00f3bitos de crian\u00e7as ind\u00edgenas nas comunidades Keta, Kuniama e Lajahu entre 24 e 27 de dezembro de 2022. No ano de 2022, foram registrados 11.530 casos confirmados de mal\u00e1ria na terra Yanomami.<\/p>\n\n\n\n<p>Neste s\u00e1bado, o presidente Luiz In\u00e1cio Lula da Silva e ministros de Estado visitam Roraima, para ver de perto a situa\u00e7\u00e3o dos ind\u00edgenas. Tamb\u00e9m na noite de ontem (20), Lula institui o Comit\u00ea de Coordena\u00e7\u00e3o Nacional para Enfrentamento \u00e0 Desassist\u00eancia Sanit\u00e1ria das Popula\u00e7\u00f5es em Territ\u00f3rio Yanomami. O objetivo do grupo \u00e9 discutir as medidas a serem adotadas e auxiliar na articula\u00e7\u00e3o interpoderes e interfederativa.<\/p>\n\n\n\n<p><em><strong>Acompanhe tamb\u00e9m o SE Not\u00edcias no\u00a0<a rel=\"noreferrer noopener\" href=\"https:\/\/twitter.com\/Senoticias\" target=\"_blank\">Twitter<\/a>,\u00a0<a rel=\"noreferrer noopener\" href=\"https:\/\/www.facebook.com\/senoticias1\" target=\"_blank\">Facebook<\/a>\u00a0e no\u00a0<a rel=\"noreferrer noopener\" href=\"https:\/\/www.instagram.com\/senoticias\/\" target=\"_blank\">Instagram<\/a><\/strong><\/em><\/p>\n\n\n\n<p>Fonte: Ag\u00eancia Brasil<\/p>\n\n\n\n<p><\/p>\n","protected":false},"excerpt":{"rendered":"<p>O Minist\u00e9rio da Sa\u00fade declarou Emerg\u00eancia em Sa\u00fade P\u00fablica de Import\u00e2ncia Nacional para combate \u00e0 desassist\u00eancia sanit\u00e1ria dos povos que vivem no territ\u00f3rio ind\u00edgena Yanomami, em Roraims. A portaria foi publicada na noite desta sexta-feira (20) em edi\u00e7\u00e3o extra do Di\u00e1rio Oficial da Uni\u00e3o. A pasta tamb\u00e9m instalou o Centro de Opera\u00e7\u00f5es de Emerg\u00eancias em [&hellip;]<\/p>\n","protected":false},"author":6557,"featured_media":0,"comment_status":"closed","ping_status":"closed","sticky":false,"template":"","format":"standard","meta":{"footnotes":""},"categories":[15,6],"tags":[38111,38110,38109,38105,38102],"class_list":{"0":"post-135628","1":"post","2":"type-post","3":"status-publish","4":"format-standard","6":"category-destaques","7":"category-politica","8":"tag-emergencia-em-saude-publica","9":"tag-indigena-yanomami","10":"tag-indigenas","11":"tag-presidente-lula","12":"tag-yanomami"},"_links":{"self":[{"href":"https:\/\/senoticias.com.br\/se\/wp-json\/wp\/v2\/posts\/135628"}],"collection":[{"href":"https:\/\/senoticias.com.br\/se\/wp-json\/wp\/v2\/posts"}],"about":[{"href":"https:\/\/senoticias.com.br\/se\/wp-json\/wp\/v2\/types\/post"}],"author":[{"embeddable":true,"href":"https:\/\/senoticias.com.br\/se\/wp-json\/wp\/v2\/users\/6557"}],"replies":[{"embeddable":true,"href":"https:\/\/senoticias.com.br\/se\/wp-json\/wp\/v2\/comments?post=135628"}],"version-history":[{"count":0,"href":"https:\/\/senoticias.com.br\/se\/wp-json\/wp\/v2\/posts\/135628\/revisions"}],"wp:attachment":[{"href":"https:\/\/senoticias.com.br\/se\/wp-json\/wp\/v2\/media?parent=135628"}],"wp:term":[{"taxonomy":"category","embeddable":true,"href":"https:\/\/senoticias.com.br\/se\/wp-json\/wp\/v2\/categories?post=135628"},{"taxonomy":"post_tag","embeddable":true,"href":"https:\/\/senoticias.com.br\/se\/wp-json\/wp\/v2\/tags?post=135628"}],"curies":[{"name":"wp","href":"https:\/\/api.w.org\/{rel}","templated":true}]}}