{"id":135626,"date":"2023-01-21T20:09:15","date_gmt":"2023-01-21T23:09:15","guid":{"rendered":"https:\/\/senoticias.com.br\/se\/?p=135626"},"modified":"2023-01-21T20:09:24","modified_gmt":"2023-01-21T23:09:24","slug":"lula-demite-comandante-do-exercito-e-nomeia-general-tomas-miguel-ribeiro-paiva","status":"publish","type":"post","link":"https:\/\/senoticias.com.br\/se\/lula-demite-comandante-do-exercito-e-nomeia-general-tomas-miguel-ribeiro-paiva\/","title":{"rendered":"Lula demite comandante do Ex\u00e9rcito e nomeia general Tom\u00e1s Miguel Ribeiro Paiva"},"content":{"rendered":"\n<p><\/p>\n\n\n\n<p>O presidente Luiz In\u00e1cio Lula da Silva (PT) exonerou neste s\u00e1bado (21\/1) o comandante do Ex\u00e9rcito, general J\u00falio C\u00e9sar de Arruda. O cargo ser\u00e1 ocupado pelo atual comandante do Sudeste, o general Tom\u00e1s Miguel Ribeiro Paiva.<\/p>\n\n\n\n<p>A decis\u00e3o ocorre um dia ap\u00f3s reuni\u00e3o entre o mandat\u00e1rio e os quatro comandantes das For\u00e7as Armadas, que inclui ainda a participa\u00e7\u00e3o do ministro da Defesa, Jos\u00e9 M\u00facio. Arruda n\u00e3o gostou da decis\u00e3o, e fez uma reuni\u00e3o com o alto comando do Ex\u00e9rcito assim que recebeu a not\u00edcia, neste s\u00e1bado (21\/1).<\/p>\n\n\n\n<figure class=\"wp-block-image size-large\"><img loading=\"lazy\" decoding=\"async\" width=\"578\" height=\"386\" src=\"https:\/\/senoticias.com.br\/se\/wp-content\/uploads\/2023\/01\/Comandante-do-Exercito-SE-noticias.jpg\" alt=\"\" class=\"wp-image-135627\" srcset=\"https:\/\/senoticias.com.br\/se\/wp-content\/uploads\/2023\/01\/Comandante-do-Exercito-SE-noticias.jpg 578w, https:\/\/senoticias.com.br\/se\/wp-content\/uploads\/2023\/01\/Comandante-do-Exercito-SE-noticias-300x200.jpg 300w, https:\/\/senoticias.com.br\/se\/wp-content\/uploads\/2023\/01\/Comandante-do-Exercito-SE-noticias-90x60.jpg 90w, https:\/\/senoticias.com.br\/se\/wp-content\/uploads\/2023\/01\/Comandante-do-Exercito-SE-noticias-180x120.jpg 180w, https:\/\/senoticias.com.br\/se\/wp-content\/uploads\/2023\/01\/Comandante-do-Exercito-SE-noticias-95x64.jpg 95w\" sizes=\"(max-width: 578px) 100vw, 578px\" \/><figcaption>Lula demitiu neste s\u00e1bado o comandante do Ex\u00e9rcito, general J\u00falio C\u00e9sar de Arruda &#8211; Foto: Marcos Corr\u00eaa\/PR<\/figcaption><\/figure>\n\n\n\n<p>A exonera\u00e7\u00e3o ocorreu pelo general n\u00e3o ter cumprido ordens dadas pelo presidente em rela\u00e7\u00e3o aos ataques terroristas de 8 de janeiro, em Bras\u00edlia, especialmente em rela\u00e7\u00e3o a militares respons\u00e1veis pela seguran\u00e7a do Planalto. Durante a semana, Lula declarou suspeitar que &#8220;a porta do Planalto foi aberta&#8221; para os bolsonaristas.<\/p>\n\n\n\n<p>Membros do governo, por\u00e9m, negam a exonera\u00e7\u00e3o. &#8220;Lula n\u00e3o demitiu ningu\u00e9m, n\u00e3o falou com ningu\u00e9m&#8221;, disse um integrante da Esplanada. O presidente est\u00e1 em voo para Bras\u00edlia, e deve conversar com o chefe da Casa Civil, ministro Rui Costa, e com o ministro Jos\u00e9 M\u00facio.<\/p>\n\n\n\n<p><strong>Omiss\u00e3o sobre acampamentos bolsonaristas em quart\u00e9is<\/strong><\/p>\n\n\n\n<p>Fontes militares avaliam que a exonera\u00e7\u00e3o ocorreu tamb\u00e9m pela atua\u00e7\u00e3o de Arruda em rela\u00e7\u00e3o aos acampamentos de bolsonaristas ap\u00f3s as elei\u00e7\u00f5es, em frente a quart\u00e9is por todo o pa\u00eds. A avalia\u00e7\u00e3o \u00e9 que houve omiss\u00e3o por parte do comandante, que n\u00e3o agiu para remover os acampamentos ap\u00f3s assumir o cargo. \u00b4Por outro lado, a avalia\u00e7\u00e3o da caserna \u00e9 que os comandantes de quart\u00e9is ficaram em uma situa\u00e7\u00e3o delicada com os acampamentos, j\u00e1 que os bolsonaristas prestavam apoio \u00e0s For\u00e7as Armadas e clamavam por uma interven\u00e7\u00e3o militar.<\/p>\n\n\n\n<p>O novo comandante do ex\u00e9rcito, general Tom\u00e1s Ribeiro Paiva, fez um discurso \u00e0s tropas na \u00faltima quarta-feira (18\/1) no qual defende que \u00e9 preciso &#8220;respeitar o resultado das urnas&#8221;.<\/p>\n\n\n\n<p>&#8220;Ser militar \u00e9 isso. \u00c9 ser profissional, \u00e9 respeitar a hierarquia e a disciplina. \u00c9 ser coeso, \u00e9 ser \u00edntegro, \u00e9 ter esp\u00edrito de corpo. \u00c9 defender a p\u00e1tria, \u00e9 ser uma institui\u00e7\u00e3o de Estado, apol\u00edtica, apartid\u00e1ria. N\u00e3o interessa quem est\u00e1 no comando, a gente vai cumprir a miss\u00e3o do mesmo jeito&#8221;, disse o comandante em cerim\u00f4nia de homenagem a militares mortos no Haiti. &#8220;\u00c9 n\u00e3o ter corrente. Isso n\u00e3o significa que o cara n\u00e3o seja um cidad\u00e3o, que n\u00e3o possa exercer o seu direito, ter sua opini\u00e3o. Ele pode ter, mas n\u00e3o pode manifestar&#8221;, completou.<\/p>\n\n\n\n<p><em><strong>Acompanhe tamb\u00e9m o SE Not\u00edcias no\u00a0<a rel=\"noreferrer noopener\" href=\"https:\/\/twitter.com\/Senoticias\" target=\"_blank\">Twitter<\/a>,\u00a0<a rel=\"noreferrer noopener\" href=\"https:\/\/www.facebook.com\/senoticias1\" target=\"_blank\">Facebook<\/a>\u00a0e no\u00a0<a rel=\"noreferrer noopener\" href=\"https:\/\/www.instagram.com\/senoticias\/\" target=\"_blank\">Instagram<\/a><\/strong><\/em><\/p>\n\n\n\n<p>Fonte: Correio Braziliense<\/p>\n","protected":false},"excerpt":{"rendered":"<p>O presidente Luiz In\u00e1cio Lula da Silva (PT) exonerou neste s\u00e1bado (21\/1) o comandante do Ex\u00e9rcito, general J\u00falio C\u00e9sar de Arruda. O cargo ser\u00e1 ocupado pelo atual comandante do Sudeste, o general Tom\u00e1s Miguel Ribeiro Paiva. A decis\u00e3o ocorre um dia ap\u00f3s reuni\u00e3o entre o mandat\u00e1rio e os quatro comandantes das For\u00e7as Armadas, que inclui [&hellip;]<\/p>\n","protected":false},"author":6557,"featured_media":0,"comment_status":"closed","ping_status":"closed","sticky":false,"template":"","format":"standard","meta":{"footnotes":""},"categories":[15,2961],"tags":[9944,38108,38107,37503],"class_list":{"0":"post-135626","1":"post","2":"type-post","3":"status-publish","4":"format-standard","6":"category-destaques","7":"category-nacional","8":"tag-comandante-do-exercito","9":"tag-exercito-brasileiro-3","10":"tag-general-julio-cesar-de-arruda","11":"tag-lula-presidente"},"_links":{"self":[{"href":"https:\/\/senoticias.com.br\/se\/wp-json\/wp\/v2\/posts\/135626"}],"collection":[{"href":"https:\/\/senoticias.com.br\/se\/wp-json\/wp\/v2\/posts"}],"about":[{"href":"https:\/\/senoticias.com.br\/se\/wp-json\/wp\/v2\/types\/post"}],"author":[{"embeddable":true,"href":"https:\/\/senoticias.com.br\/se\/wp-json\/wp\/v2\/users\/6557"}],"replies":[{"embeddable":true,"href":"https:\/\/senoticias.com.br\/se\/wp-json\/wp\/v2\/comments?post=135626"}],"version-history":[{"count":0,"href":"https:\/\/senoticias.com.br\/se\/wp-json\/wp\/v2\/posts\/135626\/revisions"}],"wp:attachment":[{"href":"https:\/\/senoticias.com.br\/se\/wp-json\/wp\/v2\/media?parent=135626"}],"wp:term":[{"taxonomy":"category","embeddable":true,"href":"https:\/\/senoticias.com.br\/se\/wp-json\/wp\/v2\/categories?post=135626"},{"taxonomy":"post_tag","embeddable":true,"href":"https:\/\/senoticias.com.br\/se\/wp-json\/wp\/v2\/tags?post=135626"}],"curies":[{"name":"wp","href":"https:\/\/api.w.org\/{rel}","templated":true}]}}