{"id":135624,"date":"2023-01-21T18:43:38","date_gmt":"2023-01-21T21:43:38","guid":{"rendered":"https:\/\/senoticias.com.br\/se\/?p=135624"},"modified":"2023-01-21T19:41:21","modified_gmt":"2023-01-21T22:41:21","slug":"acao-conjunta-cumpre-mandado-por-prisao-definitiva-pelo-crime-de-homicidio","status":"publish","type":"post","link":"https:\/\/senoticias.com.br\/se\/acao-conjunta-cumpre-mandado-por-prisao-definitiva-pelo-crime-de-homicidio\/","title":{"rendered":"A\u00e7\u00e3o conjunta cumpre mandado por pris\u00e3o definitiva pelo crime de homic\u00eddio"},"content":{"rendered":"\n<p>Em a\u00e7\u00e3o conjunta entre os policiais civis da Delegacia Regional de Est\u00e2ncia, Pol\u00edcia Militar e Coordenadoria de Recursos Especiais (Core) foi cumprido mandado de pris\u00e3o definitiva contra um homem condenado pelo crime de homic\u00eddio qualificado ocorrido na cidade de Est\u00e2ncia, na tarde desta sexta-feira (20).<\/p>\n\n\n\n<figure class=\"wp-block-image size-large\"><img loading=\"lazy\" decoding=\"async\" width=\"1024\" height=\"977\" src=\"https:\/\/senoticias.com.br\/se\/wp-content\/uploads\/2023\/01\/arma-senoticias-1024x977.jpg\" alt=\"\" class=\"wp-image-135625\"\/><figcaption> No cumprimento do mandado, ainda foi feito o flagrante do acusado por portar uma pistola e carregadores &#8211; Foto: SSP\/SE<\/figcaption><\/figure>\n\n\n\n<p>Policiais civis em exerc\u00edcio na Delegacia Regional de Est\u00e2ncia, policiais militares e agentes da Core deram cumprimento ao mandado de pris\u00e3o expedido pelo Ju\u00edzo de Direito da Comarca de Est\u00e2ncia\/SE.<\/p>\n\n\n\n<p>O preso foi condenado a 12 anos de pris\u00e3o, em regime fechado, por fato ocorrido no ano de 2016, pelo homic\u00eddio praticado em Est\u00e2ncia. A pris\u00e3o definitiva do acusado foi decretada nos \u00faltimos dias.<\/p>\n\n\n\n<p>Com informa\u00e7\u00f5es sobre o paradeiro dele, os agentes de seguran\u00e7a das tr\u00eas for\u00e7as policiais se dirigiram at\u00e9 o local onde ele estava e realizaram a pris\u00e3o.<\/p>\n\n\n\n<p>Na ocasi\u00e3o, foi encontrado com o foragido uma arma de fogo tipo pistola e dois carregadores municiados. Foi lavrado, ainda, o auto de pris\u00e3o em flagrante pelo crime de porte ilegal de arma de fogo.<\/p>\n\n\n\n<p>Nesse momento o preso est\u00e1 \u00e0 disposi\u00e7\u00e3o do Poder Judici\u00e1rio para audi\u00eancia de cust\u00f3dia.<\/p>\n\n\n\n<p><em><strong>Acompanhe tamb\u00e9m o SE Not\u00edcias no\u00a0<a rel=\"noreferrer noopener\" href=\"https:\/\/twitter.com\/Senoticias\" target=\"_blank\">Twitter<\/a>,\u00a0<a rel=\"noreferrer noopener\" href=\"https:\/\/www.facebook.com\/senoticias1\" target=\"_blank\">Facebook<\/a>\u00a0e no\u00a0<a rel=\"noreferrer noopener\" href=\"https:\/\/www.instagram.com\/senoticias\/\" target=\"_blank\">Instagram<\/a><\/strong><\/em><\/p>\n\n\n\n<p>Fonte: SSP\/SE<\/p>\n","protected":false},"excerpt":{"rendered":"<p>Em a\u00e7\u00e3o conjunta entre os policiais civis da Delegacia Regional de Est\u00e2ncia, Pol\u00edcia Militar e Coordenadoria de Recursos Especiais (Core) foi cumprido mandado de pris\u00e3o definitiva contra um homem condenado pelo crime de homic\u00eddio qualificado ocorrido na cidade de Est\u00e2ncia, na tarde desta sexta-feira (20). Policiais civis em exerc\u00edcio na Delegacia Regional de Est\u00e2ncia, policiais [&hellip;]<\/p>\n","protected":false},"author":6557,"featured_media":0,"comment_status":"closed","ping_status":"closed","sticky":false,"template":"","format":"standard","meta":{"footnotes":""},"categories":[15,7],"tags":[4845,12103,78,6228],"class_list":{"0":"post-135624","1":"post","2":"type-post","3":"status-publish","4":"format-standard","6":"category-destaques","7":"category-policia","8":"tag-acao-conjunta","9":"tag-core","10":"tag-policia-civil","11":"tag-policiais-civis"},"_links":{"self":[{"href":"https:\/\/senoticias.com.br\/se\/wp-json\/wp\/v2\/posts\/135624"}],"collection":[{"href":"https:\/\/senoticias.com.br\/se\/wp-json\/wp\/v2\/posts"}],"about":[{"href":"https:\/\/senoticias.com.br\/se\/wp-json\/wp\/v2\/types\/post"}],"author":[{"embeddable":true,"href":"https:\/\/senoticias.com.br\/se\/wp-json\/wp\/v2\/users\/6557"}],"replies":[{"embeddable":true,"href":"https:\/\/senoticias.com.br\/se\/wp-json\/wp\/v2\/comments?post=135624"}],"version-history":[{"count":0,"href":"https:\/\/senoticias.com.br\/se\/wp-json\/wp\/v2\/posts\/135624\/revisions"}],"wp:attachment":[{"href":"https:\/\/senoticias.com.br\/se\/wp-json\/wp\/v2\/media?parent=135624"}],"wp:term":[{"taxonomy":"category","embeddable":true,"href":"https:\/\/senoticias.com.br\/se\/wp-json\/wp\/v2\/categories?post=135624"},{"taxonomy":"post_tag","embeddable":true,"href":"https:\/\/senoticias.com.br\/se\/wp-json\/wp\/v2\/tags?post=135624"}],"curies":[{"name":"wp","href":"https:\/\/api.w.org\/{rel}","templated":true}]}}