{"id":135604,"date":"2023-01-20T09:01:08","date_gmt":"2023-01-20T12:01:08","guid":{"rendered":"https:\/\/senoticias.com.br\/se\/?p=135604"},"modified":"2023-01-20T09:07:46","modified_gmt":"2023-01-20T12:07:46","slug":"daniel-alves-e-detido-na-espanha-por-suspeita-de-agressao-sexual","status":"publish","type":"post","link":"https:\/\/senoticias.com.br\/se\/daniel-alves-e-detido-na-espanha-por-suspeita-de-agressao-sexual\/","title":{"rendered":"Daniel Alves \u00e9 detido na Espanha por suspeita de agress\u00e3o sexual"},"content":{"rendered":"\n<p>O jogador brasileiro Daniel Alves, de 39 anos, foi detido pela pol\u00edcia espanhola nesta sexta-feira por conta de um processo que responde por suposta agress\u00e3o sexual, segundo a pol\u00edcia de Barcelona. As informa\u00e7\u00f5es s\u00e3o do g1 e da ag\u00eancia AFP.<\/p>\n\n\n\n<p>Segundo a den\u00fancia, que est\u00e1 na Justi\u00e7a da Catalunha, uma mulher diz ter sido assediada por Alves durante uma festa da cidade no fim de dezembro. Ele nega.<\/p>\n\n\n\n<p>O brasileiro, ex-lateral do Barcelona e convocado a sele\u00e7\u00e3o brasileira na Copa do Catar de 2022, foi detido ap\u00f3s prestar depoimento na manh\u00e3 desta sexta-feira em uma delegacia de Barcelona. De acordo com a rede de TV espanhola RTVE, Alves, saiu de l\u00e1 j\u00e1 detido em uma viatura da pol\u00edcia, que colocou o jogador \u00e0 disposi\u00e7\u00e3o judicial.<\/p>\n\n\n\n<figure class=\"wp-block-image size-large\"><img loading=\"lazy\" decoding=\"async\" width=\"600\" height=\"412\" src=\"https:\/\/senoticias.com.br\/se\/wp-content\/uploads\/2023\/01\/Daniel-Alves-SE-Noticias.png\" alt=\"\" class=\"wp-image-135605\" srcset=\"https:\/\/senoticias.com.br\/se\/wp-content\/uploads\/2023\/01\/Daniel-Alves-SE-Noticias.png 600w, https:\/\/senoticias.com.br\/se\/wp-content\/uploads\/2023\/01\/Daniel-Alves-SE-Noticias-300x206.png 300w, https:\/\/senoticias.com.br\/se\/wp-content\/uploads\/2023\/01\/Daniel-Alves-SE-Noticias-95x64.png 95w\" sizes=\"(max-width: 600px) 100vw, 600px\" \/><figcaption>Brasileiro responde a den\u00fancia por ocorrido durante uma festa em Barcelona. Lateral, que nega acusa\u00e7\u00e3o, foi detido quando prestava depoimento sobre o caso &#8211; Foto: AFP<\/figcaption><\/figure>\n\n\n\n<p>A pol\u00edcia catal\u00e3 ainda n\u00e3o informou o motivo pelo qual o jogador foi detido durante o depoimento &#8211; n\u00e3o havia um mandado de pris\u00e3o inicial contra ele.<\/p>\n\n\n\n<p>A den\u00fancia que originou o processo foi feita por uma mulher que estava na mesma festa que Alves na noite de 30 de dezembro de 2022, em uma boate em Barcelona. A mulher alegou que foi assediada por Alves no local, e se queixou com funcion\u00e1rios da boate.<\/p>\n\n\n\n<p>A dire\u00e7\u00e3o da discoteca chamou a pol\u00edcia, mas quando os policiais chegaram ao local, o jogador j\u00e1 havia ido embora, de acordo com a den\u00fancia.<\/p>\n\n\n\n<p>A pol\u00edcia da Catalunha abriu ent\u00e3o um inqu\u00e9rito para investigar o caso e, h\u00e1 dez dias, denunciou o jogador \u00e0 Justi\u00e7a, que abriu uma investiga\u00e7\u00e3o pr\u00f3pria &#8211; na Espanha, ju\u00edzes podem investigar um caso antes de lev\u00e1-lo a julgamento.<\/p>\n\n\n\n<p>Dias antes, em entrevista a um programa de TV na Espanha, Alves alegou que estava apenas dan\u00e7ando, sem invadir o espa\u00e7o de ningu\u00e9m.<\/p>\n\n\n\n<ul class=\"wp-block-list\"><li>Eu estive nesse lugar, e quem me conhece sabe que eu adoro dan\u00e7ar, mas sem invadir o espa\u00e7o de ningu\u00e9m, respeitando os espa\u00e7os. E quando voc\u00ea vai ao banheiro n\u00e3o tem que perguntar quem est\u00e1 l\u00e1 para usar o banheiro. N\u00e3o sei quem \u00e9 essa senhorita, nunca a vi. Nestes anos todos nunca invadi o espa\u00e7o de ningu\u00e9m sem autoriza\u00e7\u00e3o &#8211; declarou o jogador, que se queixou tamb\u00e9m dos danos da den\u00fancia \u00e0 sua fam\u00edlia.<\/li><li><br><br><em><strong>Acompanhe tamb\u00e9m o SE Not\u00edcias no\u00a0<a rel=\"noreferrer noopener\" href=\"https:\/\/twitter.com\/Senoticias\" target=\"_blank\">Twitter<\/a>,\u00a0<a rel=\"noreferrer noopener\" href=\"https:\/\/www.facebook.com\/senoticias1\" target=\"_blank\">Facebook<\/a>\u00a0e no\u00a0<a rel=\"noreferrer noopener\" href=\"https:\/\/www.instagram.com\/senoticias\/\" target=\"_blank\">Instagram<\/a><\/strong><\/em><br><br>Fonte: <strong><a href=\"https:\/\/ge.globo.com\/futebol\/futebol-internacional\/noticia\/2023\/01\/20\/daniel-alves-e-detido-na-espanha-por-suspeita-de-agressao-sexual.ghtml\">GE<\/a><\/strong><\/li><\/ul>\n","protected":false},"excerpt":{"rendered":"<p>O jogador brasileiro Daniel Alves, de 39 anos, foi detido pela pol\u00edcia espanhola nesta sexta-feira por conta de um processo que responde por suposta agress\u00e3o sexual, segundo a pol\u00edcia de Barcelona. As informa\u00e7\u00f5es s\u00e3o do g1 e da ag\u00eancia AFP. Segundo a den\u00fancia, que est\u00e1 na Justi\u00e7a da Catalunha, uma mulher diz ter sido assediada [&hellip;]<\/p>\n","protected":false},"author":6557,"featured_media":0,"comment_status":"closed","ping_status":"closed","sticky":false,"template":"","format":"standard","meta":{"footnotes":""},"categories":[15,26,1],"tags":[9761,38093],"class_list":{"0":"post-135604","1":"post","2":"type-post","3":"status-publish","4":"format-standard","6":"category-destaques","7":"category-esportes","8":"category-sem-categoria","9":"tag-daniel-alves","10":"tag-jogador-daniel-alves"},"_links":{"self":[{"href":"https:\/\/senoticias.com.br\/se\/wp-json\/wp\/v2\/posts\/135604"}],"collection":[{"href":"https:\/\/senoticias.com.br\/se\/wp-json\/wp\/v2\/posts"}],"about":[{"href":"https:\/\/senoticias.com.br\/se\/wp-json\/wp\/v2\/types\/post"}],"author":[{"embeddable":true,"href":"https:\/\/senoticias.com.br\/se\/wp-json\/wp\/v2\/users\/6557"}],"replies":[{"embeddable":true,"href":"https:\/\/senoticias.com.br\/se\/wp-json\/wp\/v2\/comments?post=135604"}],"version-history":[{"count":0,"href":"https:\/\/senoticias.com.br\/se\/wp-json\/wp\/v2\/posts\/135604\/revisions"}],"wp:attachment":[{"href":"https:\/\/senoticias.com.br\/se\/wp-json\/wp\/v2\/media?parent=135604"}],"wp:term":[{"taxonomy":"category","embeddable":true,"href":"https:\/\/senoticias.com.br\/se\/wp-json\/wp\/v2\/categories?post=135604"},{"taxonomy":"post_tag","embeddable":true,"href":"https:\/\/senoticias.com.br\/se\/wp-json\/wp\/v2\/tags?post=135604"}],"curies":[{"name":"wp","href":"https:\/\/api.w.org\/{rel}","templated":true}]}}