{"id":135438,"date":"2023-01-09T08:33:22","date_gmt":"2023-01-09T11:33:22","guid":{"rendered":"https:\/\/senoticias.com.br\/se\/?p=135438"},"modified":"2023-01-09T08:33:33","modified_gmt":"2023-01-09T11:33:33","slug":"policia-civil-apreende-parte-de-mercadoria-furtada-de-carreta-que-tombou-em-estancia","status":"publish","type":"post","link":"https:\/\/senoticias.com.br\/se\/policia-civil-apreende-parte-de-mercadoria-furtada-de-carreta-que-tombou-em-estancia\/","title":{"rendered":"Pol\u00edcia Civil apreende parte de mercadoria furtada de carreta que tombou em Est\u00e2ncia"},"content":{"rendered":"\n<p>Policiais civis da Delegacia Regional de Est\u00e2ncia apreenderam 15 caixas de produtos furtados de uma carreta que tombou na BR-101, na \u00faltima ter\u00e7a-feira (3). Quatro pessoas foram conduzidas \u00e0 delegacia. A a\u00e7\u00e3o policial ocorreu na sexta-feira (6) e foi divulgada nesta segunda-feira (9).<\/p>\n\n\n\n<figure class=\"wp-block-image size-large\"><img loading=\"lazy\" decoding=\"async\" width=\"1024\" height=\"768\" src=\"https:\/\/senoticias.com.br\/se\/wp-content\/uploads\/2023\/01\/policia-civil-senoticias-1024x768.jpg\" alt=\"\" class=\"wp-image-135439\"\/><figcaption>Mulher morreu no acidente que ocorreu na BR-101\n<\/figcaption><\/figure>\n\n\n\n<p>De acordo com as informa\u00e7\u00f5es policiais, a carreta transportava creme dental. No acidente, um homem ficou ferido e uma mulher morreu no local.<\/p>\n\n\n\n<p>Com base nas informa\u00e7\u00f5es levantadas na investiga\u00e7\u00e3o, os policiais civis apreenderam o material furtado e conduziram quatro pessoas \u00e0 delegacia. Tr\u00eas delas confessaram que saquearam a carga do ve\u00edculo que havia tombado.<\/p>\n\n\n\n<p>A Delegacia Regional de Est\u00e2ncia continua com as investiga\u00e7\u00f5es para identificar outros poss\u00edveis envolvidos no caso e para recuperar o material furtado do ve\u00edculo.<\/p>\n\n\n\n<p>A Pol\u00edcia Civil solicita que informa\u00e7\u00f5es e den\u00fancias sobre crimes e suspeitos de a\u00e7\u00f5es criminosas sejam repassadas \u00e0 pol\u00edcia por meio do Disque-Den\u00fancia no telefone 181. O sigilo \u00e9 garantido.<\/p>\n\n\n\n<p><em><strong>Acompanhe tamb\u00e9m o SE Not\u00edcias no&nbsp;<a rel=\"noreferrer noopener\" href=\"https:\/\/twitter.com\/Senoticias\" target=\"_blank\">Twitter<\/a>,&nbsp;<a rel=\"noreferrer noopener\" href=\"https:\/\/www.facebook.com\/senoticias1\" target=\"_blank\">Facebook<\/a>&nbsp;e no&nbsp;<a rel=\"noreferrer noopener\" href=\"https:\/\/www.instagram.com\/senoticias\/\" target=\"_blank\">Instagram<\/a><\/strong><\/em><\/p>\n\n\n\n<p>Fonte: SSP <\/p>\n","protected":false},"excerpt":{"rendered":"<p>Policiais civis da Delegacia Regional de Est\u00e2ncia apreenderam 15 caixas de produtos furtados de uma carreta que tombou na BR-101, na \u00faltima ter\u00e7a-feira (3). Quatro pessoas foram conduzidas \u00e0 delegacia. A a\u00e7\u00e3o policial ocorreu na sexta-feira (6) e foi divulgada nesta segunda-feira (9). De acordo com as informa\u00e7\u00f5es policiais, a carreta transportava creme dental. No [&hellip;]<\/p>\n","protected":false},"author":6557,"featured_media":0,"comment_status":"closed","ping_status":"closed","sticky":false,"template":"","format":"standard","meta":{"footnotes":""},"categories":[15,7],"tags":[38015,972,78],"class_list":{"0":"post-135438","1":"post","2":"type-post","3":"status-publish","4":"format-standard","6":"category-destaques","7":"category-policia","8":"tag-carreta-tombada","9":"tag-estancia","10":"tag-policia-civil"},"_links":{"self":[{"href":"https:\/\/senoticias.com.br\/se\/wp-json\/wp\/v2\/posts\/135438"}],"collection":[{"href":"https:\/\/senoticias.com.br\/se\/wp-json\/wp\/v2\/posts"}],"about":[{"href":"https:\/\/senoticias.com.br\/se\/wp-json\/wp\/v2\/types\/post"}],"author":[{"embeddable":true,"href":"https:\/\/senoticias.com.br\/se\/wp-json\/wp\/v2\/users\/6557"}],"replies":[{"embeddable":true,"href":"https:\/\/senoticias.com.br\/se\/wp-json\/wp\/v2\/comments?post=135438"}],"version-history":[{"count":0,"href":"https:\/\/senoticias.com.br\/se\/wp-json\/wp\/v2\/posts\/135438\/revisions"}],"wp:attachment":[{"href":"https:\/\/senoticias.com.br\/se\/wp-json\/wp\/v2\/media?parent=135438"}],"wp:term":[{"taxonomy":"category","embeddable":true,"href":"https:\/\/senoticias.com.br\/se\/wp-json\/wp\/v2\/categories?post=135438"},{"taxonomy":"post_tag","embeddable":true,"href":"https:\/\/senoticias.com.br\/se\/wp-json\/wp\/v2\/tags?post=135438"}],"curies":[{"name":"wp","href":"https:\/\/api.w.org\/{rel}","templated":true}]}}