{"id":135384,"date":"2023-01-05T06:56:32","date_gmt":"2023-01-05T09:56:32","guid":{"rendered":"https:\/\/senoticias.com.br\/se\/?p=135384"},"modified":"2023-01-05T07:36:45","modified_gmt":"2023-01-05T10:36:45","slug":"bolsa-familia-2023-veja-o-calendario-com-os-dias-de-pagamento-neste-ano","status":"publish","type":"post","link":"https:\/\/senoticias.com.br\/se\/bolsa-familia-2023-veja-o-calendario-com-os-dias-de-pagamento-neste-ano\/","title":{"rendered":"Bolsa Fam\u00edlia 2023: Veja o calend\u00e1rio com os dias de pagamento neste ano."},"content":{"rendered":"\n<p><\/p>\n\n\n\n<p>O governo divulgou o calend\u00e1rio do Bolsa Fam\u00edlia (antigo Aux\u00edlio Brasil) para 2023. Os dias de saque em cada m\u00eas do pr\u00f3ximo ano dependem do \u00faltimo d\u00edgito do NIS (N\u00famero de Identifica\u00e7\u00e3o Social).<\/p>\n\n\n\n<figure class=\"wp-block-image size-large\"><img loading=\"lazy\" decoding=\"async\" width=\"563\" height=\"332\" src=\"https:\/\/senoticias.com.br\/se\/wp-content\/uploads\/2023\/01\/Calenario-do-NIS-SE-noticias.png\" alt=\"\" class=\"wp-image-135385\" srcset=\"https:\/\/senoticias.com.br\/se\/wp-content\/uploads\/2023\/01\/Calenario-do-NIS-SE-noticias.png 563w, https:\/\/senoticias.com.br\/se\/wp-content\/uploads\/2023\/01\/Calenario-do-NIS-SE-noticias-300x177.png 300w\" sizes=\"(max-width: 563px) 100vw, 563px\" \/><figcaption> Confira a data mensal em que poder\u00e1 sacar o benef\u00edcio &#8211; Foto arte: UOL<\/figcaption><\/figure>\n\n\n\n<p><strong>Veja as datas de pagamento do benef\u00edcio por m\u00eas:<\/strong><\/p>\n\n\n\n<p><strong>NIS terminado em 1.<\/strong><\/p>\n\n\n\n<p>Janeiro: 18<br>Fevereiro: 13<br>Mar\u00e7o: 20<br>Abril: 14<br>Maio: 18<br>Junho: 19<br>Julho: 18<br>Agosto: 18<br>Setembro: 18<br>Outubro: 18<br>Novembro: 17<br>Dezembro: 11.<\/p>\n\n\n\n<p><strong>NIS terminado em 2.<\/strong><\/p>\n\n\n\n<p>Janeiro: 19<br>Fevereiro: 14<br>Mar\u00e7o: 21<br>Abril: 17<br>Maio: 19<br>Junho: 20<br>Julho: 19<br>Agosto: 21<br>Setembro: 19<br>Outubro: 19<br>Novembro: 20<br>Dezembro: 12.<\/p>\n\n\n\n<p><strong>NIS terminado em 3.<\/strong><\/p>\n\n\n\n<p>Janeiro: 20<br>Fevereiro: 151<br>Mar\u00e7o: 22<br>Abril: 18<br>Maio: 22<br>Junho: 21<br>Julho: 20<br>Agosto: 22<br>Setembro: 20<br>Outubro: 20<br>Novembro: 21<br>Dezembro: 13.<\/p>\n\n\n\n<p><strong>NIS terminado em 4.<\/strong><\/p>\n\n\n\n<p>Janeiro: 23<br>Fevereiro: 16<br>Mar\u00e7o: 23<br>Abril: 19<br>Maio: 23<br>Junho: 22<br>Julho: 21<br>Agosto: 23<br>Setembro: 21<br>Outubro: 23<br>Novembro: 22<br>Dezembro: 14.<\/p>\n\n\n\n<p><strong>NIS terminado em 5.<\/strong><\/p>\n\n\n\n<p>Janeiro: 24<br>Fevereiro: 17<br>Mar\u00e7o: 24<br>Abril: 20<br>Maio: 24<br>Junho: 23<br>Julho: 24<br>Agosto: 24<br>Setembro: 22<br>Outubro: 24 N<br>ovembro: 23<br>Dezembro: 15.<\/p>\n\n\n\n<p><strong>NIS terminado em 6.<\/strong><\/p>\n\n\n\n<p>Janeiro: 25<br>Fevereiro: 22<br>Mar\u00e7o: 27<br>Abril: 24<br>Maio: 25<br>Junho: 26<br>Julho: 25<br>Agosto: 25<br>Setembro: 25<br>Outubro: 25<br>Novembro: 24<br>Dezembro: 18.<\/p>\n\n\n\n<p><strong>NIS terminado em 7.<\/strong><\/p>\n\n\n\n<p>Janeiro: 26<br>Fevereiro: 23<br>Mar\u00e7o: 28<br>Abril: 25<br>Maio: 26<br>Junho: 27<br>Julho: 26<br>Agosto: 28<br>Setembro: 26<br>Outubro: 26<br>Novembro: 27<br>Dezembro: 19.<\/p>\n\n\n\n<p><strong>NIS terminado em 8.<\/strong><\/p>\n\n\n\n<p>Janeiro: 27<br>Fevereiro: 24<br>Mar\u00e7o: 29<br>Abril: 26<br>Maio: 29<br>Junho: 28<br>Julho: 27<br>Agosto: 29<br>Setembro: 27<br>Outubro: 27<br>Novembro: 28<br>Dezembro: 20.<\/p>\n\n\n\n<p><strong>NIS terminado em 9.<\/strong><\/p>\n\n\n\n<p>Janeiro: 30<br>Fevereiro: 27<br>Mar\u00e7o: 30 A<br>bril: 27<br>Maio: 30<br>Junho: 29<br>Julho: 28<br>Agosto: 30<br>Setembro: 28<br>Outubro: 30<br>Novembro: 29<br>Dezembro: 21<br>NIS terminado<\/p>\n\n\n\n<p><strong>NIS terminado em 0.<\/strong><\/p>\n\n\n\n<p>Janeiro: 31<br>Fevereiro: 28<br>Mar\u00e7o: 31<br>Abril: 28<br>Maio: 31<br>Junho: 30<br>Julho: 31<br>Agosto: 31<br>Setembro: 29<br>Outubro: 31<br>Novembro: 30<br>Dezembro: 22.<\/p>\n\n\n\n<p><em><strong>Acompanhe tamb\u00e9m o SE Not\u00edcias no\u00a0<a rel=\"noreferrer noopener\" href=\"https:\/\/twitter.com\/Senoticias\" target=\"_blank\">Twitter<\/a>,\u00a0<a rel=\"noreferrer noopener\" href=\"https:\/\/www.facebook.com\/senoticias1\" target=\"_blank\">Facebook<\/a>\u00a0e no\u00a0<a rel=\"noreferrer noopener\" href=\"https:\/\/www.instagram.com\/senoticias\/\" target=\"_blank\">Instagram<\/a><\/strong><\/em><\/p>\n\n\n\n<p>Reda\u00e7\u00e3o UOL<\/p>\n","protected":false},"excerpt":{"rendered":"<p>O governo divulgou o calend\u00e1rio do Bolsa Fam\u00edlia (antigo Aux\u00edlio Brasil) para 2023. Os dias de saque em cada m\u00eas do pr\u00f3ximo ano dependem do \u00faltimo d\u00edgito do NIS (N\u00famero de Identifica\u00e7\u00e3o Social). Veja as datas de pagamento do benef\u00edcio por m\u00eas: NIS terminado em 1. Janeiro: 18Fevereiro: 13Mar\u00e7o: 20Abril: 14Maio: 18Junho: 19Julho: 18Agosto: 18Setembro: [&hellip;]<\/p>\n","protected":false},"author":6557,"featured_media":0,"comment_status":"closed","ping_status":"closed","sticky":false,"template":"","format":"standard","meta":{"footnotes":""},"categories":[15,6,1],"tags":[37987,37988,90],"class_list":{"0":"post-135384","1":"post","2":"type-post","3":"status-publish","4":"format-standard","6":"category-destaques","7":"category-politica","8":"category-sem-categoria","9":"tag-bolsa-familia-2023","10":"tag-calendario-bolsa-familia","11":"tag-lula"},"_links":{"self":[{"href":"https:\/\/senoticias.com.br\/se\/wp-json\/wp\/v2\/posts\/135384"}],"collection":[{"href":"https:\/\/senoticias.com.br\/se\/wp-json\/wp\/v2\/posts"}],"about":[{"href":"https:\/\/senoticias.com.br\/se\/wp-json\/wp\/v2\/types\/post"}],"author":[{"embeddable":true,"href":"https:\/\/senoticias.com.br\/se\/wp-json\/wp\/v2\/users\/6557"}],"replies":[{"embeddable":true,"href":"https:\/\/senoticias.com.br\/se\/wp-json\/wp\/v2\/comments?post=135384"}],"version-history":[{"count":0,"href":"https:\/\/senoticias.com.br\/se\/wp-json\/wp\/v2\/posts\/135384\/revisions"}],"wp:attachment":[{"href":"https:\/\/senoticias.com.br\/se\/wp-json\/wp\/v2\/media?parent=135384"}],"wp:term":[{"taxonomy":"category","embeddable":true,"href":"https:\/\/senoticias.com.br\/se\/wp-json\/wp\/v2\/categories?post=135384"},{"taxonomy":"post_tag","embeddable":true,"href":"https:\/\/senoticias.com.br\/se\/wp-json\/wp\/v2\/tags?post=135384"}],"curies":[{"name":"wp","href":"https:\/\/api.w.org\/{rel}","templated":true}]}}